{"id":1095,"date":"2025-11-26T02:21:15","date_gmt":"2025-11-26T02:21:15","guid":{"rendered":"https:\/\/dev-hogardecristo.dpsgo.com\/match-solidario\/?p=1095"},"modified":"2025-11-30T03:27:01","modified_gmt":"2025-11-30T03:27:01","slug":"capacitacion-y-conexion","status":"publish","type":"post","link":"https:\/\/www.hogardecristo.cl\/match-solidario\/haz-match\/equipamiento\/capacitacion-y-conexion\/","title":{"rendered":"Creemos un espacio de capacitaci\u00f3n"},"content":{"rendered":"<p>30 personas en situaci\u00f3n de calle buscan un espacio que les permita capacitarse, conectarse a internet, acceder a oportunidades de empleo y tambi\u00e9n recrearse. Para habilitarlo, necesitan mobiliario, equipos y juegos que promuevan la integraci\u00f3n, el aprendizaje y el esparcimiento. Con tu apoyo, podr\u00e1n contar con un lugar digno y lleno de oportunidades.<\/p>\n<p>\u00bfQu\u00e9 se necesita? Aporta lo que puedas: Mesas, sillas, mesas de ping pong, computadoras, taca taca.<\/p>\n","protected":false},"excerpt":{"rendered":"<p>30 personas en situaci\u00f3n de calle buscan un espacio que les permita capacitarse, conectarse a internet, acceder a oportunidades de empleo y tambi\u00e9n recrearse. Para habilitarlo, necesitan mobiliario, equipos y juegos que promuevan la integraci\u00f3n, el aprendizaje y el esparcimiento. Con tu apoyo, podr\u00e1n contar con un lugar digno y lleno de oportunidades. \u00bfQu\u00e9 se [&hellip;]<\/p>\n","protected":false},"author":3,"featured_media":1096,"comment_status":"open","ping_status":"open","sticky":false,"template":"","format":"standard","meta":{"footnotes":""},"categories":[11,9,10,21],"tags":[],"class_list":["post-1095","post","type-post","status-publish","format-standard","has-post-thumbnail","hentry","category-equipamiento","category-haz-match","category-muebles","category-recreacion"],"acf":[],"yoast_head":"<!-- This site is optimized with the Yoast SEO plugin v26.6 - https:\/\/yoast.com\/wordpress\/plugins\/seo\/ -->\n<title>Creemos un espacio de capacitaci\u00f3n - Match Solidario<\/title>\n<meta name=\"description\" content=\"Creemos un espacio de capacitaci\u00f3n y recreaci\u00f3n para personas en situaci\u00f3n de calle brindando un espacio de oportunidades en Copiap\u00f3.\" \/>\n<meta name=\"robots\" content=\"index, follow, max-snippet:-1, max-image-preview:large, max-video-preview:-1\" \/>\n<link rel=\"canonical\" href=\"https:\/\/www.hogardecristo.cl\/match-solidario\/haz-match\/equipamiento\/capacitacion-y-conexion\/\" \/>\n<meta property=\"og:locale\" content=\"es_ES\" \/>\n<meta property=\"og:type\" content=\"article\" \/>\n<meta property=\"og:title\" content=\"Creemos un espacio de capacitaci\u00f3n - Match Solidario\" \/>\n<meta property=\"og:description\" content=\"Creemos un espacio de capacitaci\u00f3n y recreaci\u00f3n para personas en situaci\u00f3n de calle brindando un espacio de oportunidades en Copiap\u00f3.\" \/>\n<meta property=\"og:url\" content=\"https:\/\/www.hogardecristo.cl\/match-solidario\/haz-match\/equipamiento\/capacitacion-y-conexion\/\" \/>\n<meta property=\"og:site_name\" content=\"Match Solidario\" \/>\n<meta property=\"article:publisher\" content=\"https:\/\/www.facebook.com\/hdecristo\" \/>\n<meta property=\"article:published_time\" content=\"2025-11-26T02:21:15+00:00\" \/>\n<meta property=\"article:modified_time\" content=\"2025-11-30T03:27:01+00:00\" \/>\n<meta property=\"og:image\" content=\"https:\/\/www.hogardecristo.cl\/match-solidario\/wp-content\/uploads\/2025\/11\/AL7A9230-scaled.jpg\" \/>\n\t<meta property=\"og:image:width\" content=\"2560\" \/>\n\t<meta property=\"og:image:height\" content=\"1707\" \/>\n\t<meta property=\"og:image:type\" content=\"image\/jpeg\" \/>\n<meta name=\"author\" content=\"Melany Reyes\" \/>\n<meta name=\"twitter:card\" content=\"summary_large_image\" \/>\n<meta name=\"twitter:creator\" content=\"@hdecristo\" \/>\n<meta name=\"twitter:site\" content=\"@hdecristo\" \/>\n<meta name=\"twitter:label1\" content=\"Escrito por\" \/>\n\t<meta name=\"twitter:data1\" content=\"Melany Reyes\" \/>\n\t<meta name=\"twitter:label2\" content=\"Tiempo de lectura\" \/>\n\t<meta name=\"twitter:data2\" content=\"1 minuto\" \/>\n<script type=\"application\/ld+json\" class=\"yoast-schema-graph\">{\"@context\":\"https:\/\/schema.org\",\"@graph\":[{\"@type\":\"Article\",\"@id\":\"https:\/\/www.hogardecristo.cl\/match-solidario\/haz-match\/equipamiento\/capacitacion-y-conexion\/#article\",\"isPartOf\":{\"@id\":\"https:\/\/www.hogardecristo.cl\/match-solidario\/haz-match\/equipamiento\/capacitacion-y-conexion\/\"},\"author\":{\"name\":\"Melany Reyes\",\"@id\":\"https:\/\/www.hogardecristo.cl\/match-solidario\/#\/schema\/person\/4c55dfb0453dcc13f45fe1b45d255ebc\"},\"headline\":\"Creemos un espacio de capacitaci\u00f3n\",\"datePublished\":\"2025-11-26T02:21:15+00:00\",\"dateModified\":\"2025-11-30T03:27:01+00:00\",\"mainEntityOfPage\":{\"@id\":\"https:\/\/www.hogardecristo.cl\/match-solidario\/haz-match\/equipamiento\/capacitacion-y-conexion\/\"},\"wordCount\":78,\"commentCount\":0,\"publisher\":{\"@id\":\"https:\/\/www.hogardecristo.cl\/match-solidario\/#organization\"},\"image\":{\"@id\":\"https:\/\/www.hogardecristo.cl\/match-solidario\/haz-match\/equipamiento\/capacitacion-y-conexion\/#primaryimage\"},\"thumbnailUrl\":\"https:\/\/www.hogardecristo.cl\/match-solidario\/wp-content\/uploads\/2025\/11\/AL7A9230-scaled.jpg\",\"articleSection\":[\"Equipamiento\",\"Haz Match\",\"Muebles\",\"Recreaci\u00f3n\"],\"inLanguage\":\"es\",\"potentialAction\":[{\"@type\":\"CommentAction\",\"name\":\"Comment\",\"target\":[\"https:\/\/www.hogardecristo.cl\/match-solidario\/haz-match\/equipamiento\/capacitacion-y-conexion\/#respond\"]}]},{\"@type\":\"WebPage\",\"@id\":\"https:\/\/www.hogardecristo.cl\/match-solidario\/haz-match\/equipamiento\/capacitacion-y-conexion\/\",\"url\":\"https:\/\/www.hogardecristo.cl\/match-solidario\/haz-match\/equipamiento\/capacitacion-y-conexion\/\",\"name\":\"Creemos un espacio de capacitaci\u00f3n - Match Solidario\",\"isPartOf\":{\"@id\":\"https:\/\/www.hogardecristo.cl\/match-solidario\/#website\"},\"primaryImageOfPage\":{\"@id\":\"https:\/\/www.hogardecristo.cl\/match-solidario\/haz-match\/equipamiento\/capacitacion-y-conexion\/#primaryimage\"},\"image\":{\"@id\":\"https:\/\/www.hogardecristo.cl\/match-solidario\/haz-match\/equipamiento\/capacitacion-y-conexion\/#primaryimage\"},\"thumbnailUrl\":\"https:\/\/www.hogardecristo.cl\/match-solidario\/wp-content\/uploads\/2025\/11\/AL7A9230-scaled.jpg\",\"datePublished\":\"2025-11-26T02:21:15+00:00\",\"dateModified\":\"2025-11-30T03:27:01+00:00\",\"description\":\"Creemos un espacio de capacitaci\u00f3n y recreaci\u00f3n para personas en situaci\u00f3n de calle brindando un espacio de oportunidades en Copiap\u00f3.\",\"breadcrumb\":{\"@id\":\"https:\/\/www.hogardecristo.cl\/match-solidario\/haz-match\/equipamiento\/capacitacion-y-conexion\/#breadcrumb\"},\"inLanguage\":\"es\",\"potentialAction\":[{\"@type\":\"ReadAction\",\"target\":[\"https:\/\/www.hogardecristo.cl\/match-solidario\/haz-match\/equipamiento\/capacitacion-y-conexion\/\"]}]},{\"@type\":\"ImageObject\",\"inLanguage\":\"es\",\"@id\":\"https:\/\/www.hogardecristo.cl\/match-solidario\/haz-match\/equipamiento\/capacitacion-y-conexion\/#primaryimage\",\"url\":\"https:\/\/www.hogardecristo.cl\/match-solidario\/wp-content\/uploads\/2025\/11\/AL7A9230-scaled.jpg\",\"contentUrl\":\"https:\/\/www.hogardecristo.cl\/match-solidario\/wp-content\/uploads\/2025\/11\/AL7A9230-scaled.jpg\",\"width\":2560,\"height\":1707,\"caption\":\"Santiago, 23.04.24. Hogar de Cristo celebra el D\u00eda del Libro Y reinaugura biblioteca comunitaria Lo hace adem\u00e1s mostrando su amplio cat\u00e1logo de publicaciones donde lo que mas destaca son las creaciones de autores con larga vida en situaci\u00f3n de calle, en consumo o excluidos por su discapacidad. Son relatos humanos, sanadores y sorprendentes. La fiesta, que ser\u00e1 este 23 de abril, en la biblioteca que funciona en la Casa de Acogida Josse Van der Rest, tendr\u00e1 hasta \u201cun cad\u00e1ver exquisito\u201d como n\u00famero central. Por Comunicaciones Hogar de Cristo Cada 23 de abril, en el Hogar de Cristo nos esmeramos en celebrar el D\u00eda Internacional del Libro, una conmemoraci\u00f3n mundial promovida por la UNESCO desde 1988. La fecha coincide con las muertes de tres altas cumbres de la literatura mundial: Miguel de Cervantes, William Shakespeare e Inca Garcilaso de la Vega. Pero en nuestra fundaci\u00f3n, el D\u00eda del Libro aplaude adem\u00e1s las creaciones de William Ortiz, Katherine Lav\u00edn, Ricardo Jaime, entre otros muchos participantes de nuestros distintos programas. Tal como hizo ver en una ocasi\u00f3n el director ejecutivo de la fundaci\u00f3n, Juan Crist\u00f3bal Romero, quien adem\u00e1s es destacad\u00edsimo poeta, \u201ca estas alturas, el Hogar de Cristo ya es una verdadera editorial\u201d. Tiene raz\u00f3n. Los t\u00edtulos publicados desde 1994, cuando el fallecido periodista Luis Alberto Ganderats public\u00f3 \u201cPadre Hurtado: El Libro de sus Misterios\u201d, hasta el m\u00e1s reciente \u201cReportaje a las Urgencias\u201d, publicado en 2023 y que recoge trabajos de la periodista y escritora Ximena Torres Cautivo, suman casi dos docenas. Esa nutrida producci\u00f3n, donde conviven ficci\u00f3n, periodismo, cr\u00f3nica e innumerables estudios sobre la realidad social en Chile, ser\u00e1 presentada la ma\u00f1ana del pr\u00f3ximo martes 23 de abril en la biblioteca que funciona en la Casa de Acogida Josse Van Der Rest, en Estaci\u00f3n Social. La biblioteca, que acoge a los hombres de la Josse, as\u00ed como a las mujeres de la Hospeder\u00eda y a los vecinos del sector, es parte de la red de bibliotecas p\u00fablicas de Chile. Con un completo y renovado cat\u00e1logo est\u00e1 reci\u00e9n abierta a la comunidad y en el D\u00eda Internacional del Libro recibir\u00e1 a quienes quieran conocer en qu\u00e9 consiste su labor, as\u00ed como los tesoros que esconde. Juan Crist\u00f3bal Romero y Ximena Torres Cautivo ser\u00e1n los anfitriones de este encuentro y estar\u00e1n acompa\u00f1ados por autores como William Ortiz, quien ha ganado varias veces el concurso Vuelen Plumas, que alienta la participaci\u00f3n de escritores con discapacidad mental. En 2022, William public\u00f3 con nosotros ssu notables \u201cMicrorelatos atravesados\u201d. Katherine Lav\u00edn, quien tuvo una dura experiencia de vida en calle y de consumo de drogas, de la cual sali\u00f3 en parte gracias al poder sanador de la escritura, es otra de las autoras invitadas. En 2023, present\u00f3 \u201cMi Vivencia escondida en un mundo sin vida\u201c. Ximena Hinzpeter, periodista y reconocida fot\u00f3grafa, document\u00f3 con Hogar de Cristo la realidad de las personas en situaci\u00f3n de calle y otras pobrezas urbanas como regalo institucional del a\u00f1o 2016, en el libro \u201cCiudad Somos Todos\u201d. E Isabel Araya, autora de \u201cLos Martes en la Biblioteca\u201d (2019). La \u201ceditorial\u201d Hogar de Cristo destaca en su cat\u00e1logo libros como la historia con datos biogr\u00e1ficos in\u00e9ditos de Alberto Hurtado, escrito en 1994, por Ganderats. Tambi\u00e9n los que recogen cuentos y testimonios de personas con discapacidad mental que han participado en el concurso Vuelen Plumas. Los que dan cuenta de la vida en Chuchunco, como llamaban antiguamente a Estaci\u00f3n Central, cuna del Hogar de Cristo. Entre ellos est\u00e1 al aludido \u201cCiudad Somos Todos\u201d (2016) y la entretenida \u201cChuchunco City: Gu\u00eda Social, Espiritual y Gastron\u00f3mica de Estaci\u00f3n Central\u201d (2019). Otros t\u00edtulos destacados son \u201cPasi\u00f3n de Leer\u201d (2015), que recoge textos de Gabriela Mistral tomados de antiguos textos de lectura; \u201cValientes\u201d (2016), con testimonios conmovedores de j\u00f3venes vulnerables que lograron volver a la escuela y terminar su ense\u00f1anza media; y los ya mencionados \u201cLos Martes en la Biblioteca\u201d, que recoge los perfiles de los participantes de un taller de conversaci\u00f3n y actualidad que dirig\u00eda Isabel Araya. La escritora y voluntaria del Hogar de Cristo es mam\u00e1 de Rafael Gumucio, y acaba de presentar un libro de poes\u00eda. \u201cRe-Versos\u201d. Eso s\u00f3lo por mencionar algunos de los autores que nos acompa\u00f1ar\u00e1n. Te invitamos a visitar la biblioteca del Hogar de Cristo y conocer a sus creadores y sus creaciones en un encuentro que tendr\u00e1 interesantes invitados, incluyendo \u201cel cad\u00e1ver exquisito\u201d de un destacado actor y varios creativos amigos. AGENCIA BLACKOUT\"},{\"@type\":\"BreadcrumbList\",\"@id\":\"https:\/\/www.hogardecristo.cl\/match-solidario\/haz-match\/equipamiento\/capacitacion-y-conexion\/#breadcrumb\",\"itemListElement\":[{\"@type\":\"ListItem\",\"position\":1,\"name\":\"Portada\",\"item\":\"https:\/\/www.hogardecristo.cl\/match-solidario\/\"},{\"@type\":\"ListItem\",\"position\":2,\"name\":\"Creemos un espacio de capacitaci\u00f3n\"}]},{\"@type\":\"WebSite\",\"@id\":\"https:\/\/www.hogardecristo.cl\/match-solidario\/#website\",\"url\":\"https:\/\/www.hogardecristo.cl\/match-solidario\/\",\"name\":\"Match Solidario - Hogar de Cristo\",\"description\":\"\",\"publisher\":{\"@id\":\"https:\/\/www.hogardecristo.cl\/match-solidario\/#organization\"},\"potentialAction\":[{\"@type\":\"SearchAction\",\"target\":{\"@type\":\"EntryPoint\",\"urlTemplate\":\"https:\/\/www.hogardecristo.cl\/match-solidario\/?s={search_term_string}\"},\"query-input\":{\"@type\":\"PropertyValueSpecification\",\"valueRequired\":true,\"valueName\":\"search_term_string\"}}],\"inLanguage\":\"es\"},{\"@type\":\"Organization\",\"@id\":\"https:\/\/www.hogardecristo.cl\/match-solidario\/#organization\",\"name\":\"Match Solidario\",\"url\":\"https:\/\/www.hogardecristo.cl\/match-solidario\/\",\"logo\":{\"@type\":\"ImageObject\",\"inLanguage\":\"es\",\"@id\":\"https:\/\/www.hogardecristo.cl\/match-solidario\/#\/schema\/logo\/image\/\",\"url\":\"https:\/\/dev-hogardecristo.dpsgo.com\/match-solidario\/wp-content\/uploads\/2025\/11\/logo-match-solidario.jpg\",\"contentUrl\":\"https:\/\/dev-hogardecristo.dpsgo.com\/match-solidario\/wp-content\/uploads\/2025\/11\/logo-match-solidario.jpg\",\"width\":301,\"height\":104,\"caption\":\"Match Solidario\"},\"image\":{\"@id\":\"https:\/\/www.hogardecristo.cl\/match-solidario\/#\/schema\/logo\/image\/\"},\"sameAs\":[\"https:\/\/www.facebook.com\/hdecristo\",\"https:\/\/x.com\/hdecristo\",\"https:\/\/www.instagram.com\/hogardecristo_chile\/\",\"https:\/\/www.youtube.com\/user\/Hogardecristo1\",\"https:\/\/www.tiktok.com\/@hogardecristocl\"]},{\"@type\":\"Person\",\"@id\":\"https:\/\/www.hogardecristo.cl\/match-solidario\/#\/schema\/person\/4c55dfb0453dcc13f45fe1b45d255ebc\",\"name\":\"Melany Reyes\",\"image\":{\"@type\":\"ImageObject\",\"inLanguage\":\"es\",\"@id\":\"https:\/\/www.hogardecristo.cl\/match-solidario\/#\/schema\/person\/image\/\",\"url\":\"https:\/\/secure.gravatar.com\/avatar\/7214173126b41d824e1d8859464866ae254caede9eff68022c090a9a4ac70903?s=96&d=mm&r=g\",\"contentUrl\":\"https:\/\/secure.gravatar.com\/avatar\/7214173126b41d824e1d8859464866ae254caede9eff68022c090a9a4ac70903?s=96&d=mm&r=g\",\"caption\":\"Melany Reyes\"},\"url\":\"https:\/\/www.hogardecristo.cl\/match-solidario\/author\/mreyest\/\"}]}<\/script>\n<!-- \/ Yoast SEO plugin. -->","yoast_head_json":{"title":"Creemos un espacio de capacitaci\u00f3n - Match Solidario","description":"Creemos un espacio de capacitaci\u00f3n y recreaci\u00f3n para personas en situaci\u00f3n de calle brindando un espacio de oportunidades en Copiap\u00f3.","robots":{"index":"index","follow":"follow","max-snippet":"max-snippet:-1","max-image-preview":"max-image-preview:large","max-video-preview":"max-video-preview:-1"},"canonical":"https:\/\/www.hogardecristo.cl\/match-solidario\/haz-match\/equipamiento\/capacitacion-y-conexion\/","og_locale":"es_ES","og_type":"article","og_title":"Creemos un espacio de capacitaci\u00f3n - Match Solidario","og_description":"Creemos un espacio de capacitaci\u00f3n y recreaci\u00f3n para personas en situaci\u00f3n de calle brindando un espacio de oportunidades en Copiap\u00f3.","og_url":"https:\/\/www.hogardecristo.cl\/match-solidario\/haz-match\/equipamiento\/capacitacion-y-conexion\/","og_site_name":"Match Solidario","article_publisher":"https:\/\/www.facebook.com\/hdecristo","article_published_time":"2025-11-26T02:21:15+00:00","article_modified_time":"2025-11-30T03:27:01+00:00","og_image":[{"width":2560,"height":1707,"url":"https:\/\/www.hogardecristo.cl\/match-solidario\/wp-content\/uploads\/2025\/11\/AL7A9230-scaled.jpg","type":"image\/jpeg"}],"author":"Melany Reyes","twitter_card":"summary_large_image","twitter_creator":"@hdecristo","twitter_site":"@hdecristo","twitter_misc":{"Escrito por":"Melany Reyes","Tiempo de lectura":"1 minuto"},"schema":{"@context":"https:\/\/schema.org","@graph":[{"@type":"Article","@id":"https:\/\/www.hogardecristo.cl\/match-solidario\/haz-match\/equipamiento\/capacitacion-y-conexion\/#article","isPartOf":{"@id":"https:\/\/www.hogardecristo.cl\/match-solidario\/haz-match\/equipamiento\/capacitacion-y-conexion\/"},"author":{"name":"Melany Reyes","@id":"https:\/\/www.hogardecristo.cl\/match-solidario\/#\/schema\/person\/4c55dfb0453dcc13f45fe1b45d255ebc"},"headline":"Creemos un espacio de capacitaci\u00f3n","datePublished":"2025-11-26T02:21:15+00:00","dateModified":"2025-11-30T03:27:01+00:00","mainEntityOfPage":{"@id":"https:\/\/www.hogardecristo.cl\/match-solidario\/haz-match\/equipamiento\/capacitacion-y-conexion\/"},"wordCount":78,"commentCount":0,"publisher":{"@id":"https:\/\/www.hogardecristo.cl\/match-solidario\/#organization"},"image":{"@id":"https:\/\/www.hogardecristo.cl\/match-solidario\/haz-match\/equipamiento\/capacitacion-y-conexion\/#primaryimage"},"thumbnailUrl":"https:\/\/www.hogardecristo.cl\/match-solidario\/wp-content\/uploads\/2025\/11\/AL7A9230-scaled.jpg","articleSection":["Equipamiento","Haz Match","Muebles","Recreaci\u00f3n"],"inLanguage":"es","potentialAction":[{"@type":"CommentAction","name":"Comment","target":["https:\/\/www.hogardecristo.cl\/match-solidario\/haz-match\/equipamiento\/capacitacion-y-conexion\/#respond"]}]},{"@type":"WebPage","@id":"https:\/\/www.hogardecristo.cl\/match-solidario\/haz-match\/equipamiento\/capacitacion-y-conexion\/","url":"https:\/\/www.hogardecristo.cl\/match-solidario\/haz-match\/equipamiento\/capacitacion-y-conexion\/","name":"Creemos un espacio de capacitaci\u00f3n - Match Solidario","isPartOf":{"@id":"https:\/\/www.hogardecristo.cl\/match-solidario\/#website"},"primaryImageOfPage":{"@id":"https:\/\/www.hogardecristo.cl\/match-solidario\/haz-match\/equipamiento\/capacitacion-y-conexion\/#primaryimage"},"image":{"@id":"https:\/\/www.hogardecristo.cl\/match-solidario\/haz-match\/equipamiento\/capacitacion-y-conexion\/#primaryimage"},"thumbnailUrl":"https:\/\/www.hogardecristo.cl\/match-solidario\/wp-content\/uploads\/2025\/11\/AL7A9230-scaled.jpg","datePublished":"2025-11-26T02:21:15+00:00","dateModified":"2025-11-30T03:27:01+00:00","description":"Creemos un espacio de capacitaci\u00f3n y recreaci\u00f3n para personas en situaci\u00f3n de calle brindando un espacio de oportunidades en Copiap\u00f3.","breadcrumb":{"@id":"https:\/\/www.hogardecristo.cl\/match-solidario\/haz-match\/equipamiento\/capacitacion-y-conexion\/#breadcrumb"},"inLanguage":"es","potentialAction":[{"@type":"ReadAction","target":["https:\/\/www.hogardecristo.cl\/match-solidario\/haz-match\/equipamiento\/capacitacion-y-conexion\/"]}]},{"@type":"ImageObject","inLanguage":"es","@id":"https:\/\/www.hogardecristo.cl\/match-solidario\/haz-match\/equipamiento\/capacitacion-y-conexion\/#primaryimage","url":"https:\/\/www.hogardecristo.cl\/match-solidario\/wp-content\/uploads\/2025\/11\/AL7A9230-scaled.jpg","contentUrl":"https:\/\/www.hogardecristo.cl\/match-solidario\/wp-content\/uploads\/2025\/11\/AL7A9230-scaled.jpg","width":2560,"height":1707,"caption":"Santiago, 23.04.24. Hogar de Cristo celebra el D\u00eda del Libro Y reinaugura biblioteca comunitaria Lo hace adem\u00e1s mostrando su amplio cat\u00e1logo de publicaciones donde lo que mas destaca son las creaciones de autores con larga vida en situaci\u00f3n de calle, en consumo o excluidos por su discapacidad. Son relatos humanos, sanadores y sorprendentes. La fiesta, que ser\u00e1 este 23 de abril, en la biblioteca que funciona en la Casa de Acogida Josse Van der Rest, tendr\u00e1 hasta \u201cun cad\u00e1ver exquisito\u201d como n\u00famero central. Por Comunicaciones Hogar de Cristo Cada 23 de abril, en el Hogar de Cristo nos esmeramos en celebrar el D\u00eda Internacional del Libro, una conmemoraci\u00f3n mundial promovida por la UNESCO desde 1988. La fecha coincide con las muertes de tres altas cumbres de la literatura mundial: Miguel de Cervantes, William Shakespeare e Inca Garcilaso de la Vega. Pero en nuestra fundaci\u00f3n, el D\u00eda del Libro aplaude adem\u00e1s las creaciones de William Ortiz, Katherine Lav\u00edn, Ricardo Jaime, entre otros muchos participantes de nuestros distintos programas. Tal como hizo ver en una ocasi\u00f3n el director ejecutivo de la fundaci\u00f3n, Juan Crist\u00f3bal Romero, quien adem\u00e1s es destacad\u00edsimo poeta, \u201ca estas alturas, el Hogar de Cristo ya es una verdadera editorial\u201d. Tiene raz\u00f3n. Los t\u00edtulos publicados desde 1994, cuando el fallecido periodista Luis Alberto Ganderats public\u00f3 \u201cPadre Hurtado: El Libro de sus Misterios\u201d, hasta el m\u00e1s reciente \u201cReportaje a las Urgencias\u201d, publicado en 2023 y que recoge trabajos de la periodista y escritora Ximena Torres Cautivo, suman casi dos docenas. Esa nutrida producci\u00f3n, donde conviven ficci\u00f3n, periodismo, cr\u00f3nica e innumerables estudios sobre la realidad social en Chile, ser\u00e1 presentada la ma\u00f1ana del pr\u00f3ximo martes 23 de abril en la biblioteca que funciona en la Casa de Acogida Josse Van Der Rest, en Estaci\u00f3n Social. La biblioteca, que acoge a los hombres de la Josse, as\u00ed como a las mujeres de la Hospeder\u00eda y a los vecinos del sector, es parte de la red de bibliotecas p\u00fablicas de Chile. Con un completo y renovado cat\u00e1logo est\u00e1 reci\u00e9n abierta a la comunidad y en el D\u00eda Internacional del Libro recibir\u00e1 a quienes quieran conocer en qu\u00e9 consiste su labor, as\u00ed como los tesoros que esconde. Juan Crist\u00f3bal Romero y Ximena Torres Cautivo ser\u00e1n los anfitriones de este encuentro y estar\u00e1n acompa\u00f1ados por autores como William Ortiz, quien ha ganado varias veces el concurso Vuelen Plumas, que alienta la participaci\u00f3n de escritores con discapacidad mental. En 2022, William public\u00f3 con nosotros ssu notables \u201cMicrorelatos atravesados\u201d. Katherine Lav\u00edn, quien tuvo una dura experiencia de vida en calle y de consumo de drogas, de la cual sali\u00f3 en parte gracias al poder sanador de la escritura, es otra de las autoras invitadas. En 2023, present\u00f3 \u201cMi Vivencia escondida en un mundo sin vida\u201c. Ximena Hinzpeter, periodista y reconocida fot\u00f3grafa, document\u00f3 con Hogar de Cristo la realidad de las personas en situaci\u00f3n de calle y otras pobrezas urbanas como regalo institucional del a\u00f1o 2016, en el libro \u201cCiudad Somos Todos\u201d. E Isabel Araya, autora de \u201cLos Martes en la Biblioteca\u201d (2019). La \u201ceditorial\u201d Hogar de Cristo destaca en su cat\u00e1logo libros como la historia con datos biogr\u00e1ficos in\u00e9ditos de Alberto Hurtado, escrito en 1994, por Ganderats. Tambi\u00e9n los que recogen cuentos y testimonios de personas con discapacidad mental que han participado en el concurso Vuelen Plumas. Los que dan cuenta de la vida en Chuchunco, como llamaban antiguamente a Estaci\u00f3n Central, cuna del Hogar de Cristo. Entre ellos est\u00e1 al aludido \u201cCiudad Somos Todos\u201d (2016) y la entretenida \u201cChuchunco City: Gu\u00eda Social, Espiritual y Gastron\u00f3mica de Estaci\u00f3n Central\u201d (2019). Otros t\u00edtulos destacados son \u201cPasi\u00f3n de Leer\u201d (2015), que recoge textos de Gabriela Mistral tomados de antiguos textos de lectura; \u201cValientes\u201d (2016), con testimonios conmovedores de j\u00f3venes vulnerables que lograron volver a la escuela y terminar su ense\u00f1anza media; y los ya mencionados \u201cLos Martes en la Biblioteca\u201d, que recoge los perfiles de los participantes de un taller de conversaci\u00f3n y actualidad que dirig\u00eda Isabel Araya. La escritora y voluntaria del Hogar de Cristo es mam\u00e1 de Rafael Gumucio, y acaba de presentar un libro de poes\u00eda. \u201cRe-Versos\u201d. Eso s\u00f3lo por mencionar algunos de los autores que nos acompa\u00f1ar\u00e1n. Te invitamos a visitar la biblioteca del Hogar de Cristo y conocer a sus creadores y sus creaciones en un encuentro que tendr\u00e1 interesantes invitados, incluyendo \u201cel cad\u00e1ver exquisito\u201d de un destacado actor y varios creativos amigos. AGENCIA BLACKOUT"},{"@type":"BreadcrumbList","@id":"https:\/\/www.hogardecristo.cl\/match-solidario\/haz-match\/equipamiento\/capacitacion-y-conexion\/#breadcrumb","itemListElement":[{"@type":"ListItem","position":1,"name":"Portada","item":"https:\/\/www.hogardecristo.cl\/match-solidario\/"},{"@type":"ListItem","position":2,"name":"Creemos un espacio de capacitaci\u00f3n"}]},{"@type":"WebSite","@id":"https:\/\/www.hogardecristo.cl\/match-solidario\/#website","url":"https:\/\/www.hogardecristo.cl\/match-solidario\/","name":"Match Solidario - Hogar de Cristo","description":"","publisher":{"@id":"https:\/\/www.hogardecristo.cl\/match-solidario\/#organization"},"potentialAction":[{"@type":"SearchAction","target":{"@type":"EntryPoint","urlTemplate":"https:\/\/www.hogardecristo.cl\/match-solidario\/?s={search_term_string}"},"query-input":{"@type":"PropertyValueSpecification","valueRequired":true,"valueName":"search_term_string"}}],"inLanguage":"es"},{"@type":"Organization","@id":"https:\/\/www.hogardecristo.cl\/match-solidario\/#organization","name":"Match Solidario","url":"https:\/\/www.hogardecristo.cl\/match-solidario\/","logo":{"@type":"ImageObject","inLanguage":"es","@id":"https:\/\/www.hogardecristo.cl\/match-solidario\/#\/schema\/logo\/image\/","url":"https:\/\/dev-hogardecristo.dpsgo.com\/match-solidario\/wp-content\/uploads\/2025\/11\/logo-match-solidario.jpg","contentUrl":"https:\/\/dev-hogardecristo.dpsgo.com\/match-solidario\/wp-content\/uploads\/2025\/11\/logo-match-solidario.jpg","width":301,"height":104,"caption":"Match Solidario"},"image":{"@id":"https:\/\/www.hogardecristo.cl\/match-solidario\/#\/schema\/logo\/image\/"},"sameAs":["https:\/\/www.facebook.com\/hdecristo","https:\/\/x.com\/hdecristo","https:\/\/www.instagram.com\/hogardecristo_chile\/","https:\/\/www.youtube.com\/user\/Hogardecristo1","https:\/\/www.tiktok.com\/@hogardecristocl"]},{"@type":"Person","@id":"https:\/\/www.hogardecristo.cl\/match-solidario\/#\/schema\/person\/4c55dfb0453dcc13f45fe1b45d255ebc","name":"Melany Reyes","image":{"@type":"ImageObject","inLanguage":"es","@id":"https:\/\/www.hogardecristo.cl\/match-solidario\/#\/schema\/person\/image\/","url":"https:\/\/secure.gravatar.com\/avatar\/7214173126b41d824e1d8859464866ae254caede9eff68022c090a9a4ac70903?s=96&d=mm&r=g","contentUrl":"https:\/\/secure.gravatar.com\/avatar\/7214173126b41d824e1d8859464866ae254caede9eff68022c090a9a4ac70903?s=96&d=mm&r=g","caption":"Melany Reyes"},"url":"https:\/\/www.hogardecristo.cl\/match-solidario\/author\/mreyest\/"}]}},"_links":{"self":[{"href":"https:\/\/www.hogardecristo.cl\/match-solidario\/wp-json\/wp\/v2\/posts\/1095","targetHints":{"allow":["GET"]}}],"collection":[{"href":"https:\/\/www.hogardecristo.cl\/match-solidario\/wp-json\/wp\/v2\/posts"}],"about":[{"href":"https:\/\/www.hogardecristo.cl\/match-solidario\/wp-json\/wp\/v2\/types\/post"}],"author":[{"embeddable":true,"href":"https:\/\/www.hogardecristo.cl\/match-solidario\/wp-json\/wp\/v2\/users\/3"}],"replies":[{"embeddable":true,"href":"https:\/\/www.hogardecristo.cl\/match-solidario\/wp-json\/wp\/v2\/comments?post=1095"}],"version-history":[{"count":6,"href":"https:\/\/www.hogardecristo.cl\/match-solidario\/wp-json\/wp\/v2\/posts\/1095\/revisions"}],"predecessor-version":[{"id":1376,"href":"https:\/\/www.hogardecristo.cl\/match-solidario\/wp-json\/wp\/v2\/posts\/1095\/revisions\/1376"}],"wp:featuredmedia":[{"embeddable":true,"href":"https:\/\/www.hogardecristo.cl\/match-solidario\/wp-json\/wp\/v2\/media\/1096"}],"wp:attachment":[{"href":"https:\/\/www.hogardecristo.cl\/match-solidario\/wp-json\/wp\/v2\/media?parent=1095"}],"wp:term":[{"taxonomy":"category","embeddable":true,"href":"https:\/\/www.hogardecristo.cl\/match-solidario\/wp-json\/wp\/v2\/categories?post=1095"},{"taxonomy":"post_tag","embeddable":true,"href":"https:\/\/www.hogardecristo.cl\/match-solidario\/wp-json\/wp\/v2\/tags?post=1095"}],"curies":[{"name":"wp","href":"https:\/\/api.w.org\/{rel}","templated":true}]}}