{"id":1286,"date":"2025-11-28T21:07:24","date_gmt":"2025-11-28T21:07:24","guid":{"rendered":"https:\/\/dev-hogardecristo.dpsgo.com\/match-solidario\/?p=1286"},"modified":"2025-11-28T21:07:24","modified_gmt":"2025-11-28T21:07:24","slug":"huerto-organico-en-jardin-de-calama","status":"publish","type":"post","link":"https:\/\/www.hogardecristo.cl\/match-solidario\/haz-match\/huerto-organico-en-jardin-de-calama\/","title":{"rendered":"Huerto org\u00e1nico en Jardin de Calama"},"content":{"rendered":"<p>En el Jard\u00edn Infantil Nido de Puri, en Calama, queremos implementar un huerto org\u00e1nico como herramienta pedag\u00f3gica para que 32 ni\u00f1os y ni\u00f1as aprendan de manera pr\u00e1ctica sobre agricultura sostenible, nutrici\u00f3n saludable y el respeto por el medio ambiente. Desde la siembra hasta la cosecha, los p\u00e1rvulos desarrollar\u00e1n responsabilidad, trabajo en equipo y conciencia sobre el origen de los alimentos, adem\u00e1s de fomentar h\u00e1bitos alimenticios m\u00e1s sanos y sostenibles. Tambi\u00e9n se cultivar\u00e1n hierbas medicinales propias de la zona, integrando a las familias y al equipo educativo en un proceso comunitario y significativo.<\/p>\n<p>\u00bfQu\u00e9 se necesita? Aporta lo que puedas: Regaderas, semillas, tierra de hoja, palas de jardiner\u00eda, macetero de madera, malla de protecci\u00f3n, c\u00fapula de invernadero.<\/p>\n","protected":false},"excerpt":{"rendered":"<p>En el Jard\u00edn Infantil Nido de Puri, en Calama, queremos implementar un huerto org\u00e1nico como herramienta pedag\u00f3gica para que 32 ni\u00f1os y ni\u00f1as aprendan de manera pr\u00e1ctica sobre agricultura sostenible, nutrici\u00f3n saludable y el respeto por el medio ambiente. Desde la siembra hasta la cosecha, los p\u00e1rvulos desarrollar\u00e1n responsabilidad, trabajo en equipo y conciencia sobre [&hellip;]<\/p>\n","protected":false},"author":3,"featured_media":1287,"comment_status":"open","ping_status":"open","sticky":false,"template":"","format":"standard","meta":{"footnotes":""},"categories":[11,9,21],"tags":[],"class_list":["post-1286","post","type-post","status-publish","format-standard","has-post-thumbnail","hentry","category-equipamiento","category-haz-match","category-recreacion"],"acf":[],"yoast_head":"<!-- This site is optimized with the Yoast SEO plugin v26.6 - https:\/\/yoast.com\/wordpress\/plugins\/seo\/ -->\n<title>Huerto org\u00e1nico en Jardin de Calama - Match Solidario<\/title>\n<meta name=\"description\" content=\"Se necesitan semillas, herramientas y materiales de jardiner\u00eda para implementar un huerto org\u00e1nico en un jard\u00edn infantil de Calama.\" \/>\n<meta name=\"robots\" content=\"index, follow, max-snippet:-1, max-image-preview:large, max-video-preview:-1\" \/>\n<link rel=\"canonical\" href=\"https:\/\/www.hogardecristo.cl\/match-solidario\/haz-match\/huerto-organico-en-jardin-de-calama\/\" \/>\n<meta property=\"og:locale\" content=\"es_ES\" \/>\n<meta property=\"og:type\" content=\"article\" \/>\n<meta property=\"og:title\" content=\"Huerto org\u00e1nico en Jardin de Calama - Match Solidario\" \/>\n<meta property=\"og:description\" content=\"Se necesitan semillas, herramientas y materiales de jardiner\u00eda para implementar un huerto org\u00e1nico en un jard\u00edn infantil de Calama.\" \/>\n<meta property=\"og:url\" content=\"https:\/\/www.hogardecristo.cl\/match-solidario\/haz-match\/huerto-organico-en-jardin-de-calama\/\" \/>\n<meta property=\"og:site_name\" content=\"Match Solidario\" \/>\n<meta property=\"article:publisher\" content=\"https:\/\/www.facebook.com\/hdecristo\" \/>\n<meta property=\"article:published_time\" content=\"2025-11-28T21:07:24+00:00\" \/>\n<meta property=\"og:image\" content=\"https:\/\/www.hogardecristo.cl\/match-solidario\/wp-content\/uploads\/2025\/11\/AL7A4070-scaled-1.jpg\" \/>\n\t<meta property=\"og:image:width\" content=\"2560\" \/>\n\t<meta property=\"og:image:height\" content=\"1707\" \/>\n\t<meta property=\"og:image:type\" content=\"image\/jpeg\" \/>\n<meta name=\"author\" content=\"Melany Reyes\" \/>\n<meta name=\"twitter:card\" content=\"summary_large_image\" \/>\n<meta name=\"twitter:creator\" content=\"@hdecristo\" \/>\n<meta name=\"twitter:site\" content=\"@hdecristo\" \/>\n<meta name=\"twitter:label1\" content=\"Escrito por\" \/>\n\t<meta name=\"twitter:data1\" content=\"Melany Reyes\" \/>\n\t<meta name=\"twitter:label2\" content=\"Tiempo de lectura\" \/>\n\t<meta name=\"twitter:data2\" content=\"1 minuto\" \/>\n<script type=\"application\/ld+json\" class=\"yoast-schema-graph\">{\"@context\":\"https:\/\/schema.org\",\"@graph\":[{\"@type\":\"Article\",\"@id\":\"https:\/\/www.hogardecristo.cl\/match-solidario\/haz-match\/huerto-organico-en-jardin-de-calama\/#article\",\"isPartOf\":{\"@id\":\"https:\/\/www.hogardecristo.cl\/match-solidario\/haz-match\/huerto-organico-en-jardin-de-calama\/\"},\"author\":{\"name\":\"Melany Reyes\",\"@id\":\"https:\/\/www.hogardecristo.cl\/match-solidario\/#\/schema\/person\/4c55dfb0453dcc13f45fe1b45d255ebc\"},\"headline\":\"Huerto org\u00e1nico en Jardin de Calama\",\"datePublished\":\"2025-11-28T21:07:24+00:00\",\"mainEntityOfPage\":{\"@id\":\"https:\/\/www.hogardecristo.cl\/match-solidario\/haz-match\/huerto-organico-en-jardin-de-calama\/\"},\"wordCount\":139,\"commentCount\":0,\"publisher\":{\"@id\":\"https:\/\/www.hogardecristo.cl\/match-solidario\/#organization\"},\"image\":{\"@id\":\"https:\/\/www.hogardecristo.cl\/match-solidario\/haz-match\/huerto-organico-en-jardin-de-calama\/#primaryimage\"},\"thumbnailUrl\":\"https:\/\/www.hogardecristo.cl\/match-solidario\/wp-content\/uploads\/2025\/11\/AL7A4070-scaled-1.jpg\",\"articleSection\":[\"Equipamiento\",\"Haz Match\",\"Recreaci\u00f3n\"],\"inLanguage\":\"es\",\"potentialAction\":[{\"@type\":\"CommentAction\",\"name\":\"Comment\",\"target\":[\"https:\/\/www.hogardecristo.cl\/match-solidario\/haz-match\/huerto-organico-en-jardin-de-calama\/#respond\"]}]},{\"@type\":\"WebPage\",\"@id\":\"https:\/\/www.hogardecristo.cl\/match-solidario\/haz-match\/huerto-organico-en-jardin-de-calama\/\",\"url\":\"https:\/\/www.hogardecristo.cl\/match-solidario\/haz-match\/huerto-organico-en-jardin-de-calama\/\",\"name\":\"Huerto org\u00e1nico en Jardin de Calama - Match Solidario\",\"isPartOf\":{\"@id\":\"https:\/\/www.hogardecristo.cl\/match-solidario\/#website\"},\"primaryImageOfPage\":{\"@id\":\"https:\/\/www.hogardecristo.cl\/match-solidario\/haz-match\/huerto-organico-en-jardin-de-calama\/#primaryimage\"},\"image\":{\"@id\":\"https:\/\/www.hogardecristo.cl\/match-solidario\/haz-match\/huerto-organico-en-jardin-de-calama\/#primaryimage\"},\"thumbnailUrl\":\"https:\/\/www.hogardecristo.cl\/match-solidario\/wp-content\/uploads\/2025\/11\/AL7A4070-scaled-1.jpg\",\"datePublished\":\"2025-11-28T21:07:24+00:00\",\"description\":\"Se necesitan semillas, herramientas y materiales de jardiner\u00eda para implementar un huerto org\u00e1nico en un jard\u00edn infantil de Calama.\",\"breadcrumb\":{\"@id\":\"https:\/\/www.hogardecristo.cl\/match-solidario\/haz-match\/huerto-organico-en-jardin-de-calama\/#breadcrumb\"},\"inLanguage\":\"es\",\"potentialAction\":[{\"@type\":\"ReadAction\",\"target\":[\"https:\/\/www.hogardecristo.cl\/match-solidario\/haz-match\/huerto-organico-en-jardin-de-calama\/\"]}]},{\"@type\":\"ImageObject\",\"inLanguage\":\"es\",\"@id\":\"https:\/\/www.hogardecristo.cl\/match-solidario\/haz-match\/huerto-organico-en-jardin-de-calama\/#primaryimage\",\"url\":\"https:\/\/www.hogardecristo.cl\/match-solidario\/wp-content\/uploads\/2025\/11\/AL7A4070-scaled-1.jpg\",\"contentUrl\":\"https:\/\/www.hogardecristo.cl\/match-solidario\/wp-content\/uploads\/2025\/11\/AL7A4070-scaled-1.jpg\",\"width\":2560,\"height\":1707},{\"@type\":\"BreadcrumbList\",\"@id\":\"https:\/\/www.hogardecristo.cl\/match-solidario\/haz-match\/huerto-organico-en-jardin-de-calama\/#breadcrumb\",\"itemListElement\":[{\"@type\":\"ListItem\",\"position\":1,\"name\":\"Portada\",\"item\":\"https:\/\/www.hogardecristo.cl\/match-solidario\/\"},{\"@type\":\"ListItem\",\"position\":2,\"name\":\"Huerto org\u00e1nico en Jardin de Calama\"}]},{\"@type\":\"WebSite\",\"@id\":\"https:\/\/www.hogardecristo.cl\/match-solidario\/#website\",\"url\":\"https:\/\/www.hogardecristo.cl\/match-solidario\/\",\"name\":\"Match Solidario - Hogar de Cristo\",\"description\":\"\",\"publisher\":{\"@id\":\"https:\/\/www.hogardecristo.cl\/match-solidario\/#organization\"},\"potentialAction\":[{\"@type\":\"SearchAction\",\"target\":{\"@type\":\"EntryPoint\",\"urlTemplate\":\"https:\/\/www.hogardecristo.cl\/match-solidario\/?s={search_term_string}\"},\"query-input\":{\"@type\":\"PropertyValueSpecification\",\"valueRequired\":true,\"valueName\":\"search_term_string\"}}],\"inLanguage\":\"es\"},{\"@type\":\"Organization\",\"@id\":\"https:\/\/www.hogardecristo.cl\/match-solidario\/#organization\",\"name\":\"Match Solidario\",\"url\":\"https:\/\/www.hogardecristo.cl\/match-solidario\/\",\"logo\":{\"@type\":\"ImageObject\",\"inLanguage\":\"es\",\"@id\":\"https:\/\/www.hogardecristo.cl\/match-solidario\/#\/schema\/logo\/image\/\",\"url\":\"https:\/\/dev-hogardecristo.dpsgo.com\/match-solidario\/wp-content\/uploads\/2025\/11\/logo-match-solidario.jpg\",\"contentUrl\":\"https:\/\/dev-hogardecristo.dpsgo.com\/match-solidario\/wp-content\/uploads\/2025\/11\/logo-match-solidario.jpg\",\"width\":301,\"height\":104,\"caption\":\"Match Solidario\"},\"image\":{\"@id\":\"https:\/\/www.hogardecristo.cl\/match-solidario\/#\/schema\/logo\/image\/\"},\"sameAs\":[\"https:\/\/www.facebook.com\/hdecristo\",\"https:\/\/x.com\/hdecristo\",\"https:\/\/www.instagram.com\/hogardecristo_chile\/\",\"https:\/\/www.youtube.com\/user\/Hogardecristo1\",\"https:\/\/www.tiktok.com\/@hogardecristocl\"]},{\"@type\":\"Person\",\"@id\":\"https:\/\/www.hogardecristo.cl\/match-solidario\/#\/schema\/person\/4c55dfb0453dcc13f45fe1b45d255ebc\",\"name\":\"Melany Reyes\",\"image\":{\"@type\":\"ImageObject\",\"inLanguage\":\"es\",\"@id\":\"https:\/\/www.hogardecristo.cl\/match-solidario\/#\/schema\/person\/image\/\",\"url\":\"https:\/\/secure.gravatar.com\/avatar\/7214173126b41d824e1d8859464866ae254caede9eff68022c090a9a4ac70903?s=96&d=mm&r=g\",\"contentUrl\":\"https:\/\/secure.gravatar.com\/avatar\/7214173126b41d824e1d8859464866ae254caede9eff68022c090a9a4ac70903?s=96&d=mm&r=g\",\"caption\":\"Melany Reyes\"},\"url\":\"https:\/\/www.hogardecristo.cl\/match-solidario\/author\/mreyest\/\"}]}<\/script>\n<!-- \/ Yoast SEO plugin. -->","yoast_head_json":{"title":"Huerto org\u00e1nico en Jardin de Calama - Match Solidario","description":"Se necesitan semillas, herramientas y materiales de jardiner\u00eda para implementar un huerto org\u00e1nico en un jard\u00edn infantil de Calama.","robots":{"index":"index","follow":"follow","max-snippet":"max-snippet:-1","max-image-preview":"max-image-preview:large","max-video-preview":"max-video-preview:-1"},"canonical":"https:\/\/www.hogardecristo.cl\/match-solidario\/haz-match\/huerto-organico-en-jardin-de-calama\/","og_locale":"es_ES","og_type":"article","og_title":"Huerto org\u00e1nico en Jardin de Calama - Match Solidario","og_description":"Se necesitan semillas, herramientas y materiales de jardiner\u00eda para implementar un huerto org\u00e1nico en un jard\u00edn infantil de Calama.","og_url":"https:\/\/www.hogardecristo.cl\/match-solidario\/haz-match\/huerto-organico-en-jardin-de-calama\/","og_site_name":"Match Solidario","article_publisher":"https:\/\/www.facebook.com\/hdecristo","article_published_time":"2025-11-28T21:07:24+00:00","og_image":[{"width":2560,"height":1707,"url":"https:\/\/www.hogardecristo.cl\/match-solidario\/wp-content\/uploads\/2025\/11\/AL7A4070-scaled-1.jpg","type":"image\/jpeg"}],"author":"Melany Reyes","twitter_card":"summary_large_image","twitter_creator":"@hdecristo","twitter_site":"@hdecristo","twitter_misc":{"Escrito por":"Melany Reyes","Tiempo de lectura":"1 minuto"},"schema":{"@context":"https:\/\/schema.org","@graph":[{"@type":"Article","@id":"https:\/\/www.hogardecristo.cl\/match-solidario\/haz-match\/huerto-organico-en-jardin-de-calama\/#article","isPartOf":{"@id":"https:\/\/www.hogardecristo.cl\/match-solidario\/haz-match\/huerto-organico-en-jardin-de-calama\/"},"author":{"name":"Melany Reyes","@id":"https:\/\/www.hogardecristo.cl\/match-solidario\/#\/schema\/person\/4c55dfb0453dcc13f45fe1b45d255ebc"},"headline":"Huerto org\u00e1nico en Jardin de Calama","datePublished":"2025-11-28T21:07:24+00:00","mainEntityOfPage":{"@id":"https:\/\/www.hogardecristo.cl\/match-solidario\/haz-match\/huerto-organico-en-jardin-de-calama\/"},"wordCount":139,"commentCount":0,"publisher":{"@id":"https:\/\/www.hogardecristo.cl\/match-solidario\/#organization"},"image":{"@id":"https:\/\/www.hogardecristo.cl\/match-solidario\/haz-match\/huerto-organico-en-jardin-de-calama\/#primaryimage"},"thumbnailUrl":"https:\/\/www.hogardecristo.cl\/match-solidario\/wp-content\/uploads\/2025\/11\/AL7A4070-scaled-1.jpg","articleSection":["Equipamiento","Haz Match","Recreaci\u00f3n"],"inLanguage":"es","potentialAction":[{"@type":"CommentAction","name":"Comment","target":["https:\/\/www.hogardecristo.cl\/match-solidario\/haz-match\/huerto-organico-en-jardin-de-calama\/#respond"]}]},{"@type":"WebPage","@id":"https:\/\/www.hogardecristo.cl\/match-solidario\/haz-match\/huerto-organico-en-jardin-de-calama\/","url":"https:\/\/www.hogardecristo.cl\/match-solidario\/haz-match\/huerto-organico-en-jardin-de-calama\/","name":"Huerto org\u00e1nico en Jardin de Calama - Match Solidario","isPartOf":{"@id":"https:\/\/www.hogardecristo.cl\/match-solidario\/#website"},"primaryImageOfPage":{"@id":"https:\/\/www.hogardecristo.cl\/match-solidario\/haz-match\/huerto-organico-en-jardin-de-calama\/#primaryimage"},"image":{"@id":"https:\/\/www.hogardecristo.cl\/match-solidario\/haz-match\/huerto-organico-en-jardin-de-calama\/#primaryimage"},"thumbnailUrl":"https:\/\/www.hogardecristo.cl\/match-solidario\/wp-content\/uploads\/2025\/11\/AL7A4070-scaled-1.jpg","datePublished":"2025-11-28T21:07:24+00:00","description":"Se necesitan semillas, herramientas y materiales de jardiner\u00eda para implementar un huerto org\u00e1nico en un jard\u00edn infantil de Calama.","breadcrumb":{"@id":"https:\/\/www.hogardecristo.cl\/match-solidario\/haz-match\/huerto-organico-en-jardin-de-calama\/#breadcrumb"},"inLanguage":"es","potentialAction":[{"@type":"ReadAction","target":["https:\/\/www.hogardecristo.cl\/match-solidario\/haz-match\/huerto-organico-en-jardin-de-calama\/"]}]},{"@type":"ImageObject","inLanguage":"es","@id":"https:\/\/www.hogardecristo.cl\/match-solidario\/haz-match\/huerto-organico-en-jardin-de-calama\/#primaryimage","url":"https:\/\/www.hogardecristo.cl\/match-solidario\/wp-content\/uploads\/2025\/11\/AL7A4070-scaled-1.jpg","contentUrl":"https:\/\/www.hogardecristo.cl\/match-solidario\/wp-content\/uploads\/2025\/11\/AL7A4070-scaled-1.jpg","width":2560,"height":1707},{"@type":"BreadcrumbList","@id":"https:\/\/www.hogardecristo.cl\/match-solidario\/haz-match\/huerto-organico-en-jardin-de-calama\/#breadcrumb","itemListElement":[{"@type":"ListItem","position":1,"name":"Portada","item":"https:\/\/www.hogardecristo.cl\/match-solidario\/"},{"@type":"ListItem","position":2,"name":"Huerto org\u00e1nico en Jardin de Calama"}]},{"@type":"WebSite","@id":"https:\/\/www.hogardecristo.cl\/match-solidario\/#website","url":"https:\/\/www.hogardecristo.cl\/match-solidario\/","name":"Match Solidario - Hogar de Cristo","description":"","publisher":{"@id":"https:\/\/www.hogardecristo.cl\/match-solidario\/#organization"},"potentialAction":[{"@type":"SearchAction","target":{"@type":"EntryPoint","urlTemplate":"https:\/\/www.hogardecristo.cl\/match-solidario\/?s={search_term_string}"},"query-input":{"@type":"PropertyValueSpecification","valueRequired":true,"valueName":"search_term_string"}}],"inLanguage":"es"},{"@type":"Organization","@id":"https:\/\/www.hogardecristo.cl\/match-solidario\/#organization","name":"Match Solidario","url":"https:\/\/www.hogardecristo.cl\/match-solidario\/","logo":{"@type":"ImageObject","inLanguage":"es","@id":"https:\/\/www.hogardecristo.cl\/match-solidario\/#\/schema\/logo\/image\/","url":"https:\/\/dev-hogardecristo.dpsgo.com\/match-solidario\/wp-content\/uploads\/2025\/11\/logo-match-solidario.jpg","contentUrl":"https:\/\/dev-hogardecristo.dpsgo.com\/match-solidario\/wp-content\/uploads\/2025\/11\/logo-match-solidario.jpg","width":301,"height":104,"caption":"Match Solidario"},"image":{"@id":"https:\/\/www.hogardecristo.cl\/match-solidario\/#\/schema\/logo\/image\/"},"sameAs":["https:\/\/www.facebook.com\/hdecristo","https:\/\/x.com\/hdecristo","https:\/\/www.instagram.com\/hogardecristo_chile\/","https:\/\/www.youtube.com\/user\/Hogardecristo1","https:\/\/www.tiktok.com\/@hogardecristocl"]},{"@type":"Person","@id":"https:\/\/www.hogardecristo.cl\/match-solidario\/#\/schema\/person\/4c55dfb0453dcc13f45fe1b45d255ebc","name":"Melany Reyes","image":{"@type":"ImageObject","inLanguage":"es","@id":"https:\/\/www.hogardecristo.cl\/match-solidario\/#\/schema\/person\/image\/","url":"https:\/\/secure.gravatar.com\/avatar\/7214173126b41d824e1d8859464866ae254caede9eff68022c090a9a4ac70903?s=96&d=mm&r=g","contentUrl":"https:\/\/secure.gravatar.com\/avatar\/7214173126b41d824e1d8859464866ae254caede9eff68022c090a9a4ac70903?s=96&d=mm&r=g","caption":"Melany Reyes"},"url":"https:\/\/www.hogardecristo.cl\/match-solidario\/author\/mreyest\/"}]}},"_links":{"self":[{"href":"https:\/\/www.hogardecristo.cl\/match-solidario\/wp-json\/wp\/v2\/posts\/1286","targetHints":{"allow":["GET"]}}],"collection":[{"href":"https:\/\/www.hogardecristo.cl\/match-solidario\/wp-json\/wp\/v2\/posts"}],"about":[{"href":"https:\/\/www.hogardecristo.cl\/match-solidario\/wp-json\/wp\/v2\/types\/post"}],"author":[{"embeddable":true,"href":"https:\/\/www.hogardecristo.cl\/match-solidario\/wp-json\/wp\/v2\/users\/3"}],"replies":[{"embeddable":true,"href":"https:\/\/www.hogardecristo.cl\/match-solidario\/wp-json\/wp\/v2\/comments?post=1286"}],"version-history":[{"count":1,"href":"https:\/\/www.hogardecristo.cl\/match-solidario\/wp-json\/wp\/v2\/posts\/1286\/revisions"}],"predecessor-version":[{"id":1288,"href":"https:\/\/www.hogardecristo.cl\/match-solidario\/wp-json\/wp\/v2\/posts\/1286\/revisions\/1288"}],"wp:featuredmedia":[{"embeddable":true,"href":"https:\/\/www.hogardecristo.cl\/match-solidario\/wp-json\/wp\/v2\/media\/1287"}],"wp:attachment":[{"href":"https:\/\/www.hogardecristo.cl\/match-solidario\/wp-json\/wp\/v2\/media?parent=1286"}],"wp:term":[{"taxonomy":"category","embeddable":true,"href":"https:\/\/www.hogardecristo.cl\/match-solidario\/wp-json\/wp\/v2\/categories?post=1286"},{"taxonomy":"post_tag","embeddable":true,"href":"https:\/\/www.hogardecristo.cl\/match-solidario\/wp-json\/wp\/v2\/tags?post=1286"}],"curies":[{"name":"wp","href":"https:\/\/api.w.org\/{rel}","templated":true}]}}