{"id":1414,"date":"2025-11-30T14:07:29","date_gmt":"2025-11-30T14:07:29","guid":{"rendered":"https:\/\/dev-hogardecristo.dpsgo.com\/match-solidario\/?p=1414"},"modified":"2026-01-17T00:52:51","modified_gmt":"2026-01-17T00:52:51","slug":"frazadas-y-cobertores-en-calle","status":"publish","type":"post","link":"https:\/\/www.hogardecristo.cl\/match-solidario\/haz-match\/equipamiento\/frazadas-y-cobertores-en-calle\/","title":{"rendered":"Frazadas y cobertores en calle"},"content":{"rendered":"<p>En la Residencia para Personas en Situaci\u00f3n de Calle de Iquique, 25 personas enfrentan las fr\u00edas noches del norte en invierno. Hoy necesitan frazadas y cobertores que les permitan dormir con mayor abrigo y seguridad. Cada aporte ayudar\u00e1 a que vivan esta temporada con m\u00e1s dignidad.<\/p>\n<p>\u00bfQu\u00e9 se necesita? Aporta lo que puedas: Frazadas, cobertores<\/p>\n","protected":false},"excerpt":{"rendered":"<p>En la Residencia para Personas en Situaci\u00f3n de Calle de Iquique, 25 personas enfrentan las fr\u00edas noches del norte en invierno. Hoy necesitan frazadas y cobertores que les permitan dormir con mayor abrigo y seguridad. Cada aporte ayudar\u00e1 a que vivan esta temporada con m\u00e1s dignidad. \u00bfQu\u00e9 se necesita? Aporta lo que puedas: Frazadas, cobertores<\/p>\n","protected":false},"author":3,"featured_media":780,"comment_status":"open","ping_status":"open","sticky":false,"template":"","format":"standard","meta":{"footnotes":""},"categories":[11,9,22],"tags":[],"class_list":["post-1414","post","type-post","status-publish","format-standard","has-post-thumbnail","hentry","category-equipamiento","category-haz-match","category-ropa-de-cama"],"acf":[],"yoast_head":"<!-- This site is optimized with the Yoast SEO plugin v26.6 - https:\/\/yoast.com\/wordpress\/plugins\/seo\/ -->\n<title>Frazadas y cobertores en calle - Match Solidario<\/title>\n<meta name=\"description\" content=\"Garantiza su derecho al abrigo y seguridad, permiti\u00e9ndoles enfrentar el invierno con mayor dignidad a personas en calle.\" \/>\n<meta name=\"robots\" content=\"index, follow, max-snippet:-1, max-image-preview:large, max-video-preview:-1\" \/>\n<link rel=\"canonical\" href=\"https:\/\/www.hogardecristo.cl\/match-solidario\/haz-match\/equipamiento\/frazadas-y-cobertores-en-calle\/\" \/>\n<meta property=\"og:locale\" content=\"es_ES\" \/>\n<meta property=\"og:type\" content=\"article\" \/>\n<meta property=\"og:title\" content=\"Frazadas y cobertores en calle - Match Solidario\" \/>\n<meta property=\"og:description\" content=\"Garantiza su derecho al abrigo y seguridad, permiti\u00e9ndoles enfrentar el invierno con mayor dignidad a personas en calle.\" \/>\n<meta property=\"og:url\" content=\"https:\/\/www.hogardecristo.cl\/match-solidario\/haz-match\/equipamiento\/frazadas-y-cobertores-en-calle\/\" \/>\n<meta property=\"og:site_name\" content=\"Match Solidario\" \/>\n<meta property=\"article:publisher\" content=\"https:\/\/www.facebook.com\/hdecristo\" \/>\n<meta property=\"article:published_time\" content=\"2025-11-30T14:07:29+00:00\" \/>\n<meta property=\"article:modified_time\" content=\"2026-01-17T00:52:51+00:00\" \/>\n<meta property=\"og:image\" content=\"https:\/\/www.hogardecristo.cl\/match-solidario\/wp-content\/uploads\/2025\/11\/AL7A6160-scaled.jpg\" \/>\n\t<meta property=\"og:image:width\" content=\"2560\" \/>\n\t<meta property=\"og:image:height\" content=\"1707\" \/>\n\t<meta property=\"og:image:type\" content=\"image\/jpeg\" \/>\n<meta name=\"author\" content=\"Melany Reyes\" \/>\n<meta name=\"twitter:card\" content=\"summary_large_image\" \/>\n<meta name=\"twitter:creator\" content=\"@hdecristo\" \/>\n<meta name=\"twitter:site\" content=\"@hdecristo\" \/>\n<meta name=\"twitter:label1\" content=\"Escrito por\" \/>\n\t<meta name=\"twitter:data1\" content=\"Melany Reyes\" \/>\n\t<meta name=\"twitter:label2\" content=\"Tiempo de lectura\" \/>\n\t<meta name=\"twitter:data2\" content=\"1 minuto\" \/>\n<script type=\"application\/ld+json\" class=\"yoast-schema-graph\">{\"@context\":\"https:\/\/schema.org\",\"@graph\":[{\"@type\":\"Article\",\"@id\":\"https:\/\/www.hogardecristo.cl\/match-solidario\/haz-match\/equipamiento\/frazadas-y-cobertores-en-calle\/#article\",\"isPartOf\":{\"@id\":\"https:\/\/www.hogardecristo.cl\/match-solidario\/haz-match\/equipamiento\/frazadas-y-cobertores-en-calle\/\"},\"author\":{\"name\":\"Melany Reyes\",\"@id\":\"https:\/\/www.hogardecristo.cl\/match-solidario\/#\/schema\/person\/4c55dfb0453dcc13f45fe1b45d255ebc\"},\"headline\":\"Frazadas y cobertores en calle\",\"datePublished\":\"2025-11-30T14:07:29+00:00\",\"dateModified\":\"2026-01-17T00:52:51+00:00\",\"mainEntityOfPage\":{\"@id\":\"https:\/\/www.hogardecristo.cl\/match-solidario\/haz-match\/equipamiento\/frazadas-y-cobertores-en-calle\/\"},\"wordCount\":62,\"commentCount\":0,\"publisher\":{\"@id\":\"https:\/\/www.hogardecristo.cl\/match-solidario\/#organization\"},\"image\":{\"@id\":\"https:\/\/www.hogardecristo.cl\/match-solidario\/haz-match\/equipamiento\/frazadas-y-cobertores-en-calle\/#primaryimage\"},\"thumbnailUrl\":\"https:\/\/www.hogardecristo.cl\/match-solidario\/wp-content\/uploads\/2025\/11\/AL7A6160-scaled.jpg\",\"articleSection\":[\"Equipamiento\",\"Haz Match\",\"Ropa de Cama\"],\"inLanguage\":\"es\",\"potentialAction\":[{\"@type\":\"CommentAction\",\"name\":\"Comment\",\"target\":[\"https:\/\/www.hogardecristo.cl\/match-solidario\/haz-match\/equipamiento\/frazadas-y-cobertores-en-calle\/#respond\"]}]},{\"@type\":\"WebPage\",\"@id\":\"https:\/\/www.hogardecristo.cl\/match-solidario\/haz-match\/equipamiento\/frazadas-y-cobertores-en-calle\/\",\"url\":\"https:\/\/www.hogardecristo.cl\/match-solidario\/haz-match\/equipamiento\/frazadas-y-cobertores-en-calle\/\",\"name\":\"Frazadas y cobertores en calle - Match Solidario\",\"isPartOf\":{\"@id\":\"https:\/\/www.hogardecristo.cl\/match-solidario\/#website\"},\"primaryImageOfPage\":{\"@id\":\"https:\/\/www.hogardecristo.cl\/match-solidario\/haz-match\/equipamiento\/frazadas-y-cobertores-en-calle\/#primaryimage\"},\"image\":{\"@id\":\"https:\/\/www.hogardecristo.cl\/match-solidario\/haz-match\/equipamiento\/frazadas-y-cobertores-en-calle\/#primaryimage\"},\"thumbnailUrl\":\"https:\/\/www.hogardecristo.cl\/match-solidario\/wp-content\/uploads\/2025\/11\/AL7A6160-scaled.jpg\",\"datePublished\":\"2025-11-30T14:07:29+00:00\",\"dateModified\":\"2026-01-17T00:52:51+00:00\",\"description\":\"Garantiza su derecho al abrigo y seguridad, permiti\u00e9ndoles enfrentar el invierno con mayor dignidad a personas en calle.\",\"breadcrumb\":{\"@id\":\"https:\/\/www.hogardecristo.cl\/match-solidario\/haz-match\/equipamiento\/frazadas-y-cobertores-en-calle\/#breadcrumb\"},\"inLanguage\":\"es\",\"potentialAction\":[{\"@type\":\"ReadAction\",\"target\":[\"https:\/\/www.hogardecristo.cl\/match-solidario\/haz-match\/equipamiento\/frazadas-y-cobertores-en-calle\/\"]}]},{\"@type\":\"ImageObject\",\"inLanguage\":\"es\",\"@id\":\"https:\/\/www.hogardecristo.cl\/match-solidario\/haz-match\/equipamiento\/frazadas-y-cobertores-en-calle\/#primaryimage\",\"url\":\"https:\/\/www.hogardecristo.cl\/match-solidario\/wp-content\/uploads\/2025\/11\/AL7A6160-scaled.jpg\",\"contentUrl\":\"https:\/\/www.hogardecristo.cl\/match-solidario\/wp-content\/uploads\/2025\/11\/AL7A6160-scaled.jpg\",\"width\":2560,\"height\":1707,\"caption\":\"Santiago, 24.08.2021. Mantas, bufandas, gorros de lana, pantuflas y ponchos de lana de oveja forman parte de la donaci\u00f3n de textiles que Fundaci\u00f3n Artesan\u00edas de Chile entreg\u00f3 hoy al Hogar de Cristo, en el contexto del Mes de la Solidaridad. En el encuentro que se realiz\u00f3 en la Hospeder\u00eda de Mujeres de Estaci\u00f3n Central, Claudia Hurtado, directora ejecutiva de la fundaci\u00f3n remarc\u00f3: \u201cPara nosotros es importante ejercer el acto de la solidaridad: compartir, estar con las mujeres a trav\u00e9s de un acto de cari\u00f1o. Esto es lo que nos mueve y convoca como fundaci\u00f3n, porque la artesan\u00eda es solidaria\u201d. AGENCIA BLACKOUT\"},{\"@type\":\"BreadcrumbList\",\"@id\":\"https:\/\/www.hogardecristo.cl\/match-solidario\/haz-match\/equipamiento\/frazadas-y-cobertores-en-calle\/#breadcrumb\",\"itemListElement\":[{\"@type\":\"ListItem\",\"position\":1,\"name\":\"Portada\",\"item\":\"https:\/\/www.hogardecristo.cl\/match-solidario\/\"},{\"@type\":\"ListItem\",\"position\":2,\"name\":\"Frazadas y cobertores en calle\"}]},{\"@type\":\"WebSite\",\"@id\":\"https:\/\/www.hogardecristo.cl\/match-solidario\/#website\",\"url\":\"https:\/\/www.hogardecristo.cl\/match-solidario\/\",\"name\":\"Match Solidario - Hogar de Cristo\",\"description\":\"\",\"publisher\":{\"@id\":\"https:\/\/www.hogardecristo.cl\/match-solidario\/#organization\"},\"potentialAction\":[{\"@type\":\"SearchAction\",\"target\":{\"@type\":\"EntryPoint\",\"urlTemplate\":\"https:\/\/www.hogardecristo.cl\/match-solidario\/?s={search_term_string}\"},\"query-input\":{\"@type\":\"PropertyValueSpecification\",\"valueRequired\":true,\"valueName\":\"search_term_string\"}}],\"inLanguage\":\"es\"},{\"@type\":\"Organization\",\"@id\":\"https:\/\/www.hogardecristo.cl\/match-solidario\/#organization\",\"name\":\"Match Solidario\",\"url\":\"https:\/\/www.hogardecristo.cl\/match-solidario\/\",\"logo\":{\"@type\":\"ImageObject\",\"inLanguage\":\"es\",\"@id\":\"https:\/\/www.hogardecristo.cl\/match-solidario\/#\/schema\/logo\/image\/\",\"url\":\"https:\/\/dev-hogardecristo.dpsgo.com\/match-solidario\/wp-content\/uploads\/2025\/11\/logo-match-solidario.jpg\",\"contentUrl\":\"https:\/\/dev-hogardecristo.dpsgo.com\/match-solidario\/wp-content\/uploads\/2025\/11\/logo-match-solidario.jpg\",\"width\":301,\"height\":104,\"caption\":\"Match Solidario\"},\"image\":{\"@id\":\"https:\/\/www.hogardecristo.cl\/match-solidario\/#\/schema\/logo\/image\/\"},\"sameAs\":[\"https:\/\/www.facebook.com\/hdecristo\",\"https:\/\/x.com\/hdecristo\",\"https:\/\/www.instagram.com\/hogardecristo_chile\/\",\"https:\/\/www.youtube.com\/user\/Hogardecristo1\",\"https:\/\/www.tiktok.com\/@hogardecristocl\"]},{\"@type\":\"Person\",\"@id\":\"https:\/\/www.hogardecristo.cl\/match-solidario\/#\/schema\/person\/4c55dfb0453dcc13f45fe1b45d255ebc\",\"name\":\"Melany Reyes\",\"image\":{\"@type\":\"ImageObject\",\"inLanguage\":\"es\",\"@id\":\"https:\/\/www.hogardecristo.cl\/match-solidario\/#\/schema\/person\/image\/\",\"url\":\"https:\/\/secure.gravatar.com\/avatar\/7214173126b41d824e1d8859464866ae254caede9eff68022c090a9a4ac70903?s=96&d=mm&r=g\",\"contentUrl\":\"https:\/\/secure.gravatar.com\/avatar\/7214173126b41d824e1d8859464866ae254caede9eff68022c090a9a4ac70903?s=96&d=mm&r=g\",\"caption\":\"Melany Reyes\"},\"url\":\"https:\/\/www.hogardecristo.cl\/match-solidario\/author\/mreyest\/\"}]}<\/script>\n<!-- \/ Yoast SEO plugin. -->","yoast_head_json":{"title":"Frazadas y cobertores en calle - Match Solidario","description":"Garantiza su derecho al abrigo y seguridad, permiti\u00e9ndoles enfrentar el invierno con mayor dignidad a personas en calle.","robots":{"index":"index","follow":"follow","max-snippet":"max-snippet:-1","max-image-preview":"max-image-preview:large","max-video-preview":"max-video-preview:-1"},"canonical":"https:\/\/www.hogardecristo.cl\/match-solidario\/haz-match\/equipamiento\/frazadas-y-cobertores-en-calle\/","og_locale":"es_ES","og_type":"article","og_title":"Frazadas y cobertores en calle - Match Solidario","og_description":"Garantiza su derecho al abrigo y seguridad, permiti\u00e9ndoles enfrentar el invierno con mayor dignidad a personas en calle.","og_url":"https:\/\/www.hogardecristo.cl\/match-solidario\/haz-match\/equipamiento\/frazadas-y-cobertores-en-calle\/","og_site_name":"Match Solidario","article_publisher":"https:\/\/www.facebook.com\/hdecristo","article_published_time":"2025-11-30T14:07:29+00:00","article_modified_time":"2026-01-17T00:52:51+00:00","og_image":[{"width":2560,"height":1707,"url":"https:\/\/www.hogardecristo.cl\/match-solidario\/wp-content\/uploads\/2025\/11\/AL7A6160-scaled.jpg","type":"image\/jpeg"}],"author":"Melany Reyes","twitter_card":"summary_large_image","twitter_creator":"@hdecristo","twitter_site":"@hdecristo","twitter_misc":{"Escrito por":"Melany Reyes","Tiempo de lectura":"1 minuto"},"schema":{"@context":"https:\/\/schema.org","@graph":[{"@type":"Article","@id":"https:\/\/www.hogardecristo.cl\/match-solidario\/haz-match\/equipamiento\/frazadas-y-cobertores-en-calle\/#article","isPartOf":{"@id":"https:\/\/www.hogardecristo.cl\/match-solidario\/haz-match\/equipamiento\/frazadas-y-cobertores-en-calle\/"},"author":{"name":"Melany Reyes","@id":"https:\/\/www.hogardecristo.cl\/match-solidario\/#\/schema\/person\/4c55dfb0453dcc13f45fe1b45d255ebc"},"headline":"Frazadas y cobertores en calle","datePublished":"2025-11-30T14:07:29+00:00","dateModified":"2026-01-17T00:52:51+00:00","mainEntityOfPage":{"@id":"https:\/\/www.hogardecristo.cl\/match-solidario\/haz-match\/equipamiento\/frazadas-y-cobertores-en-calle\/"},"wordCount":62,"commentCount":0,"publisher":{"@id":"https:\/\/www.hogardecristo.cl\/match-solidario\/#organization"},"image":{"@id":"https:\/\/www.hogardecristo.cl\/match-solidario\/haz-match\/equipamiento\/frazadas-y-cobertores-en-calle\/#primaryimage"},"thumbnailUrl":"https:\/\/www.hogardecristo.cl\/match-solidario\/wp-content\/uploads\/2025\/11\/AL7A6160-scaled.jpg","articleSection":["Equipamiento","Haz Match","Ropa de Cama"],"inLanguage":"es","potentialAction":[{"@type":"CommentAction","name":"Comment","target":["https:\/\/www.hogardecristo.cl\/match-solidario\/haz-match\/equipamiento\/frazadas-y-cobertores-en-calle\/#respond"]}]},{"@type":"WebPage","@id":"https:\/\/www.hogardecristo.cl\/match-solidario\/haz-match\/equipamiento\/frazadas-y-cobertores-en-calle\/","url":"https:\/\/www.hogardecristo.cl\/match-solidario\/haz-match\/equipamiento\/frazadas-y-cobertores-en-calle\/","name":"Frazadas y cobertores en calle - Match Solidario","isPartOf":{"@id":"https:\/\/www.hogardecristo.cl\/match-solidario\/#website"},"primaryImageOfPage":{"@id":"https:\/\/www.hogardecristo.cl\/match-solidario\/haz-match\/equipamiento\/frazadas-y-cobertores-en-calle\/#primaryimage"},"image":{"@id":"https:\/\/www.hogardecristo.cl\/match-solidario\/haz-match\/equipamiento\/frazadas-y-cobertores-en-calle\/#primaryimage"},"thumbnailUrl":"https:\/\/www.hogardecristo.cl\/match-solidario\/wp-content\/uploads\/2025\/11\/AL7A6160-scaled.jpg","datePublished":"2025-11-30T14:07:29+00:00","dateModified":"2026-01-17T00:52:51+00:00","description":"Garantiza su derecho al abrigo y seguridad, permiti\u00e9ndoles enfrentar el invierno con mayor dignidad a personas en calle.","breadcrumb":{"@id":"https:\/\/www.hogardecristo.cl\/match-solidario\/haz-match\/equipamiento\/frazadas-y-cobertores-en-calle\/#breadcrumb"},"inLanguage":"es","potentialAction":[{"@type":"ReadAction","target":["https:\/\/www.hogardecristo.cl\/match-solidario\/haz-match\/equipamiento\/frazadas-y-cobertores-en-calle\/"]}]},{"@type":"ImageObject","inLanguage":"es","@id":"https:\/\/www.hogardecristo.cl\/match-solidario\/haz-match\/equipamiento\/frazadas-y-cobertores-en-calle\/#primaryimage","url":"https:\/\/www.hogardecristo.cl\/match-solidario\/wp-content\/uploads\/2025\/11\/AL7A6160-scaled.jpg","contentUrl":"https:\/\/www.hogardecristo.cl\/match-solidario\/wp-content\/uploads\/2025\/11\/AL7A6160-scaled.jpg","width":2560,"height":1707,"caption":"Santiago, 24.08.2021. Mantas, bufandas, gorros de lana, pantuflas y ponchos de lana de oveja forman parte de la donaci\u00f3n de textiles que Fundaci\u00f3n Artesan\u00edas de Chile entreg\u00f3 hoy al Hogar de Cristo, en el contexto del Mes de la Solidaridad. En el encuentro que se realiz\u00f3 en la Hospeder\u00eda de Mujeres de Estaci\u00f3n Central, Claudia Hurtado, directora ejecutiva de la fundaci\u00f3n remarc\u00f3: \u201cPara nosotros es importante ejercer el acto de la solidaridad: compartir, estar con las mujeres a trav\u00e9s de un acto de cari\u00f1o. Esto es lo que nos mueve y convoca como fundaci\u00f3n, porque la artesan\u00eda es solidaria\u201d. AGENCIA BLACKOUT"},{"@type":"BreadcrumbList","@id":"https:\/\/www.hogardecristo.cl\/match-solidario\/haz-match\/equipamiento\/frazadas-y-cobertores-en-calle\/#breadcrumb","itemListElement":[{"@type":"ListItem","position":1,"name":"Portada","item":"https:\/\/www.hogardecristo.cl\/match-solidario\/"},{"@type":"ListItem","position":2,"name":"Frazadas y cobertores en calle"}]},{"@type":"WebSite","@id":"https:\/\/www.hogardecristo.cl\/match-solidario\/#website","url":"https:\/\/www.hogardecristo.cl\/match-solidario\/","name":"Match Solidario - Hogar de Cristo","description":"","publisher":{"@id":"https:\/\/www.hogardecristo.cl\/match-solidario\/#organization"},"potentialAction":[{"@type":"SearchAction","target":{"@type":"EntryPoint","urlTemplate":"https:\/\/www.hogardecristo.cl\/match-solidario\/?s={search_term_string}"},"query-input":{"@type":"PropertyValueSpecification","valueRequired":true,"valueName":"search_term_string"}}],"inLanguage":"es"},{"@type":"Organization","@id":"https:\/\/www.hogardecristo.cl\/match-solidario\/#organization","name":"Match Solidario","url":"https:\/\/www.hogardecristo.cl\/match-solidario\/","logo":{"@type":"ImageObject","inLanguage":"es","@id":"https:\/\/www.hogardecristo.cl\/match-solidario\/#\/schema\/logo\/image\/","url":"https:\/\/dev-hogardecristo.dpsgo.com\/match-solidario\/wp-content\/uploads\/2025\/11\/logo-match-solidario.jpg","contentUrl":"https:\/\/dev-hogardecristo.dpsgo.com\/match-solidario\/wp-content\/uploads\/2025\/11\/logo-match-solidario.jpg","width":301,"height":104,"caption":"Match Solidario"},"image":{"@id":"https:\/\/www.hogardecristo.cl\/match-solidario\/#\/schema\/logo\/image\/"},"sameAs":["https:\/\/www.facebook.com\/hdecristo","https:\/\/x.com\/hdecristo","https:\/\/www.instagram.com\/hogardecristo_chile\/","https:\/\/www.youtube.com\/user\/Hogardecristo1","https:\/\/www.tiktok.com\/@hogardecristocl"]},{"@type":"Person","@id":"https:\/\/www.hogardecristo.cl\/match-solidario\/#\/schema\/person\/4c55dfb0453dcc13f45fe1b45d255ebc","name":"Melany Reyes","image":{"@type":"ImageObject","inLanguage":"es","@id":"https:\/\/www.hogardecristo.cl\/match-solidario\/#\/schema\/person\/image\/","url":"https:\/\/secure.gravatar.com\/avatar\/7214173126b41d824e1d8859464866ae254caede9eff68022c090a9a4ac70903?s=96&d=mm&r=g","contentUrl":"https:\/\/secure.gravatar.com\/avatar\/7214173126b41d824e1d8859464866ae254caede9eff68022c090a9a4ac70903?s=96&d=mm&r=g","caption":"Melany Reyes"},"url":"https:\/\/www.hogardecristo.cl\/match-solidario\/author\/mreyest\/"}]}},"_links":{"self":[{"href":"https:\/\/www.hogardecristo.cl\/match-solidario\/wp-json\/wp\/v2\/posts\/1414","targetHints":{"allow":["GET"]}}],"collection":[{"href":"https:\/\/www.hogardecristo.cl\/match-solidario\/wp-json\/wp\/v2\/posts"}],"about":[{"href":"https:\/\/www.hogardecristo.cl\/match-solidario\/wp-json\/wp\/v2\/types\/post"}],"author":[{"embeddable":true,"href":"https:\/\/www.hogardecristo.cl\/match-solidario\/wp-json\/wp\/v2\/users\/3"}],"replies":[{"embeddable":true,"href":"https:\/\/www.hogardecristo.cl\/match-solidario\/wp-json\/wp\/v2\/comments?post=1414"}],"version-history":[{"count":2,"href":"https:\/\/www.hogardecristo.cl\/match-solidario\/wp-json\/wp\/v2\/posts\/1414\/revisions"}],"predecessor-version":[{"id":1885,"href":"https:\/\/www.hogardecristo.cl\/match-solidario\/wp-json\/wp\/v2\/posts\/1414\/revisions\/1885"}],"wp:featuredmedia":[{"embeddable":true,"href":"https:\/\/www.hogardecristo.cl\/match-solidario\/wp-json\/wp\/v2\/media\/780"}],"wp:attachment":[{"href":"https:\/\/www.hogardecristo.cl\/match-solidario\/wp-json\/wp\/v2\/media?parent=1414"}],"wp:term":[{"taxonomy":"category","embeddable":true,"href":"https:\/\/www.hogardecristo.cl\/match-solidario\/wp-json\/wp\/v2\/categories?post=1414"},{"taxonomy":"post_tag","embeddable":true,"href":"https:\/\/www.hogardecristo.cl\/match-solidario\/wp-json\/wp\/v2\/tags?post=1414"}],"curies":[{"name":"wp","href":"https:\/\/api.w.org\/{rel}","templated":true}]}}