{"id":1595,"date":"2025-06-04T19:38:19","date_gmt":"2025-06-04T19:38:19","guid":{"rendered":"https:\/\/dev-hogardecristo.dpsgo.com\/match-solidario\/?p=1595"},"modified":"2026-04-01T12:56:01","modified_gmt":"2026-04-01T12:56:01","slug":"ana-necesita-una-cocina","status":"publish","type":"post","link":"https:\/\/www.hogardecristo.cl\/match-solidario\/noticias\/ana-necesita-una-cocina\/","title":{"rendered":"Ana necesita una cocina"},"content":{"rendered":"<p>Este lunes se comparti\u00f3 el testimonio de Ana Torres, beneficiaria del Programa de Atenci\u00f3n Domiciliaria de Adultos Mayores (PADAM) de Hogar de Cristo en Estaci\u00f3n Central. Ana vende ropa usada y diferentes art\u00edculos en la feria como \u201ccolera\u201d. Es decir, se ubica despu\u00e9s de los puestos establecidos, al final de la calle.<\/p>\n<p><img loading=\"lazy\" decoding=\"async\" class=\"aligncenter wp-image-1601 size-full\" src=\"https:\/\/www.hogardecristo.cl\/match-solidario\/wp-content\/uploads\/2025\/12\/AL7A5727-960x590-1.jpg\" alt=\"\" width=\"960\" height=\"590\" srcset=\"https:\/\/www.hogardecristo.cl\/match-solidario\/wp-content\/uploads\/2025\/12\/AL7A5727-960x590-1.jpg 960w, https:\/\/www.hogardecristo.cl\/match-solidario\/wp-content\/uploads\/2025\/12\/AL7A5727-960x590-1-300x184.jpg 300w, https:\/\/www.hogardecristo.cl\/match-solidario\/wp-content\/uploads\/2025\/12\/AL7A5727-960x590-1-768x472.jpg 768w\" sizes=\"auto, (max-width: 960px) 100vw, 960px\" \/><\/p>\n<p><em>\u201cLes pido una cocina, porque est\u00e1 mala, funcionan dos quemadores nom\u00e1s, me cuesta cocinar ah\u00ed para mis nietos\u201d<\/em>, coment\u00f3. Tiene 60 a\u00f1os y no recibe la Pensi\u00f3n B\u00e1sica Solidaria, destinada para personas que superan los 65. Gracias a la publicaci\u00f3n de su historia, se hizo \u201cmatch\u201d y recibi\u00f3 una cama en los pr\u00f3ximos d\u00edas. Sin embargo, a\u00fan le falta la cocina.<\/p>\n<div class=\"autor\">\n<div class=\"data\">\n<div class=\"nombre\"><strong>Por Vicente V\u00e1squez Feres<\/strong><\/div>\n<p><strong>Junio 4, 2025<\/strong><\/p>\n<\/div>\n<\/div>\n","protected":false},"excerpt":{"rendered":"<p>Este lunes se comparti\u00f3 el testimonio de Ana Torres, beneficiaria del Programa de Atenci\u00f3n Domiciliaria de Adultos Mayores (PADAM) de Hogar de Cristo en Estaci\u00f3n Central. Ana vende ropa usada y diferentes art\u00edculos en la feria como \u201ccolera\u201d. Es decir, se ubica despu\u00e9s de los puestos establecidos, al final de la calle. \u201cLes pido una [&hellip;]<\/p>\n","protected":false},"author":3,"featured_media":1596,"comment_status":"open","ping_status":"open","sticky":false,"template":"","format":"standard","meta":{"footnotes":""},"categories":[13],"tags":[],"class_list":["post-1595","post","type-post","status-publish","format-standard","has-post-thumbnail","hentry","category-noticias"],"acf":[],"yoast_head":"<!-- This site is optimized with the Yoast SEO plugin v26.6 - https:\/\/yoast.com\/wordpress\/plugins\/seo\/ -->\n<title>Ana necesita una cocina - Match Solidario<\/title>\n<meta name=\"description\" content=\"\u201cLes pido una cocina, porque est\u00e1 mala, funcionan dos quemadores nom\u00e1s, me cuesta cocinar ah\u00ed para mis nietos\u201d. Tiene 60 a\u00f1os y no recibe PGU.\" \/>\n<meta name=\"robots\" content=\"index, follow, max-snippet:-1, max-image-preview:large, max-video-preview:-1\" \/>\n<link rel=\"canonical\" href=\"https:\/\/www.hogardecristo.cl\/match-solidario\/noticias\/ana-necesita-una-cocina\/\" \/>\n<meta property=\"og:locale\" content=\"es_ES\" \/>\n<meta property=\"og:type\" content=\"article\" \/>\n<meta property=\"og:title\" content=\"Ana necesita una cocina - Match Solidario\" \/>\n<meta property=\"og:description\" content=\"\u201cLes pido una cocina, porque est\u00e1 mala, funcionan dos quemadores nom\u00e1s, me cuesta cocinar ah\u00ed para mis nietos\u201d. Tiene 60 a\u00f1os y no recibe PGU.\" \/>\n<meta property=\"og:url\" content=\"https:\/\/www.hogardecristo.cl\/match-solidario\/noticias\/ana-necesita-una-cocina\/\" \/>\n<meta property=\"og:site_name\" content=\"Match Solidario\" \/>\n<meta property=\"article:publisher\" content=\"https:\/\/www.facebook.com\/hdecristo\" \/>\n<meta property=\"article:published_time\" content=\"2025-06-04T19:38:19+00:00\" \/>\n<meta property=\"article:modified_time\" content=\"2026-04-01T12:56:01+00:00\" \/>\n<meta property=\"og:image\" content=\"https:\/\/www.hogardecristo.cl\/match-solidario\/wp-content\/uploads\/2025\/12\/Cuerpo-1-Ana-Torres.jpg\" \/>\n\t<meta property=\"og:image:width\" content=\"660\" \/>\n\t<meta property=\"og:image:height\" content=\"360\" \/>\n\t<meta property=\"og:image:type\" content=\"image\/jpeg\" \/>\n<meta name=\"author\" content=\"Melany Reyes\" \/>\n<meta name=\"twitter:card\" content=\"summary_large_image\" \/>\n<meta name=\"twitter:creator\" content=\"@hdecristo\" \/>\n<meta name=\"twitter:site\" content=\"@hdecristo\" \/>\n<meta name=\"twitter:label1\" content=\"Escrito por\" \/>\n\t<meta name=\"twitter:data1\" content=\"Melany Reyes\" \/>\n\t<meta name=\"twitter:label2\" content=\"Tiempo de lectura\" \/>\n\t<meta name=\"twitter:data2\" content=\"1 minuto\" \/>\n<script type=\"application\/ld+json\" class=\"yoast-schema-graph\">{\"@context\":\"https:\/\/schema.org\",\"@graph\":[{\"@type\":\"Article\",\"@id\":\"https:\/\/www.hogardecristo.cl\/match-solidario\/noticias\/ana-necesita-una-cocina\/#article\",\"isPartOf\":{\"@id\":\"https:\/\/www.hogardecristo.cl\/match-solidario\/noticias\/ana-necesita-una-cocina\/\"},\"author\":{\"name\":\"Melany Reyes\",\"@id\":\"https:\/\/www.hogardecristo.cl\/match-solidario\/#\/schema\/person\/4c55dfb0453dcc13f45fe1b45d255ebc\"},\"headline\":\"Ana necesita una cocina\",\"datePublished\":\"2025-06-04T19:38:19+00:00\",\"dateModified\":\"2026-04-01T12:56:01+00:00\",\"mainEntityOfPage\":{\"@id\":\"https:\/\/www.hogardecristo.cl\/match-solidario\/noticias\/ana-necesita-una-cocina\/\"},\"wordCount\":133,\"commentCount\":0,\"publisher\":{\"@id\":\"https:\/\/www.hogardecristo.cl\/match-solidario\/#organization\"},\"image\":{\"@id\":\"https:\/\/www.hogardecristo.cl\/match-solidario\/noticias\/ana-necesita-una-cocina\/#primaryimage\"},\"thumbnailUrl\":\"https:\/\/www.hogardecristo.cl\/match-solidario\/wp-content\/uploads\/2025\/12\/Cuerpo-1-Ana-Torres.jpg\",\"articleSection\":[\"Noticias\"],\"inLanguage\":\"es\",\"potentialAction\":[{\"@type\":\"CommentAction\",\"name\":\"Comment\",\"target\":[\"https:\/\/www.hogardecristo.cl\/match-solidario\/noticias\/ana-necesita-una-cocina\/#respond\"]}]},{\"@type\":\"WebPage\",\"@id\":\"https:\/\/www.hogardecristo.cl\/match-solidario\/noticias\/ana-necesita-una-cocina\/\",\"url\":\"https:\/\/www.hogardecristo.cl\/match-solidario\/noticias\/ana-necesita-una-cocina\/\",\"name\":\"Ana necesita una cocina - Match Solidario\",\"isPartOf\":{\"@id\":\"https:\/\/www.hogardecristo.cl\/match-solidario\/#website\"},\"primaryImageOfPage\":{\"@id\":\"https:\/\/www.hogardecristo.cl\/match-solidario\/noticias\/ana-necesita-una-cocina\/#primaryimage\"},\"image\":{\"@id\":\"https:\/\/www.hogardecristo.cl\/match-solidario\/noticias\/ana-necesita-una-cocina\/#primaryimage\"},\"thumbnailUrl\":\"https:\/\/www.hogardecristo.cl\/match-solidario\/wp-content\/uploads\/2025\/12\/Cuerpo-1-Ana-Torres.jpg\",\"datePublished\":\"2025-06-04T19:38:19+00:00\",\"dateModified\":\"2026-04-01T12:56:01+00:00\",\"description\":\"\u201cLes pido una cocina, porque est\u00e1 mala, funcionan dos quemadores nom\u00e1s, me cuesta cocinar ah\u00ed para mis nietos\u201d. Tiene 60 a\u00f1os y no recibe PGU.\",\"breadcrumb\":{\"@id\":\"https:\/\/www.hogardecristo.cl\/match-solidario\/noticias\/ana-necesita-una-cocina\/#breadcrumb\"},\"inLanguage\":\"es\",\"potentialAction\":[{\"@type\":\"ReadAction\",\"target\":[\"https:\/\/www.hogardecristo.cl\/match-solidario\/noticias\/ana-necesita-una-cocina\/\"]}]},{\"@type\":\"ImageObject\",\"inLanguage\":\"es\",\"@id\":\"https:\/\/www.hogardecristo.cl\/match-solidario\/noticias\/ana-necesita-una-cocina\/#primaryimage\",\"url\":\"https:\/\/www.hogardecristo.cl\/match-solidario\/wp-content\/uploads\/2025\/12\/Cuerpo-1-Ana-Torres.jpg\",\"contentUrl\":\"https:\/\/www.hogardecristo.cl\/match-solidario\/wp-content\/uploads\/2025\/12\/Cuerpo-1-Ana-Torres.jpg\",\"width\":660,\"height\":360},{\"@type\":\"BreadcrumbList\",\"@id\":\"https:\/\/www.hogardecristo.cl\/match-solidario\/noticias\/ana-necesita-una-cocina\/#breadcrumb\",\"itemListElement\":[{\"@type\":\"ListItem\",\"position\":1,\"name\":\"Portada\",\"item\":\"https:\/\/www.hogardecristo.cl\/match-solidario\/\"},{\"@type\":\"ListItem\",\"position\":2,\"name\":\"Ana necesita una cocina\"}]},{\"@type\":\"WebSite\",\"@id\":\"https:\/\/www.hogardecristo.cl\/match-solidario\/#website\",\"url\":\"https:\/\/www.hogardecristo.cl\/match-solidario\/\",\"name\":\"Match Solidario - Hogar de Cristo\",\"description\":\"\",\"publisher\":{\"@id\":\"https:\/\/www.hogardecristo.cl\/match-solidario\/#organization\"},\"potentialAction\":[{\"@type\":\"SearchAction\",\"target\":{\"@type\":\"EntryPoint\",\"urlTemplate\":\"https:\/\/www.hogardecristo.cl\/match-solidario\/?s={search_term_string}\"},\"query-input\":{\"@type\":\"PropertyValueSpecification\",\"valueRequired\":true,\"valueName\":\"search_term_string\"}}],\"inLanguage\":\"es\"},{\"@type\":\"Organization\",\"@id\":\"https:\/\/www.hogardecristo.cl\/match-solidario\/#organization\",\"name\":\"Match Solidario\",\"url\":\"https:\/\/www.hogardecristo.cl\/match-solidario\/\",\"logo\":{\"@type\":\"ImageObject\",\"inLanguage\":\"es\",\"@id\":\"https:\/\/www.hogardecristo.cl\/match-solidario\/#\/schema\/logo\/image\/\",\"url\":\"https:\/\/dev-hogardecristo.dpsgo.com\/match-solidario\/wp-content\/uploads\/2025\/11\/logo-match-solidario.jpg\",\"contentUrl\":\"https:\/\/dev-hogardecristo.dpsgo.com\/match-solidario\/wp-content\/uploads\/2025\/11\/logo-match-solidario.jpg\",\"width\":301,\"height\":104,\"caption\":\"Match Solidario\"},\"image\":{\"@id\":\"https:\/\/www.hogardecristo.cl\/match-solidario\/#\/schema\/logo\/image\/\"},\"sameAs\":[\"https:\/\/www.facebook.com\/hdecristo\",\"https:\/\/x.com\/hdecristo\",\"https:\/\/www.instagram.com\/hogardecristo_chile\/\",\"https:\/\/www.youtube.com\/user\/Hogardecristo1\",\"https:\/\/www.tiktok.com\/@hogardecristocl\"]},{\"@type\":\"Person\",\"@id\":\"https:\/\/www.hogardecristo.cl\/match-solidario\/#\/schema\/person\/4c55dfb0453dcc13f45fe1b45d255ebc\",\"name\":\"Melany Reyes\",\"image\":{\"@type\":\"ImageObject\",\"inLanguage\":\"es\",\"@id\":\"https:\/\/www.hogardecristo.cl\/match-solidario\/#\/schema\/person\/image\/\",\"url\":\"https:\/\/secure.gravatar.com\/avatar\/7214173126b41d824e1d8859464866ae254caede9eff68022c090a9a4ac70903?s=96&d=mm&r=g\",\"contentUrl\":\"https:\/\/secure.gravatar.com\/avatar\/7214173126b41d824e1d8859464866ae254caede9eff68022c090a9a4ac70903?s=96&d=mm&r=g\",\"caption\":\"Melany Reyes\"},\"url\":\"https:\/\/www.hogardecristo.cl\/match-solidario\/author\/mreyest\/\"}]}<\/script>\n<!-- \/ Yoast SEO plugin. -->","yoast_head_json":{"title":"Ana necesita una cocina - Match Solidario","description":"\u201cLes pido una cocina, porque est\u00e1 mala, funcionan dos quemadores nom\u00e1s, me cuesta cocinar ah\u00ed para mis nietos\u201d. Tiene 60 a\u00f1os y no recibe PGU.","robots":{"index":"index","follow":"follow","max-snippet":"max-snippet:-1","max-image-preview":"max-image-preview:large","max-video-preview":"max-video-preview:-1"},"canonical":"https:\/\/www.hogardecristo.cl\/match-solidario\/noticias\/ana-necesita-una-cocina\/","og_locale":"es_ES","og_type":"article","og_title":"Ana necesita una cocina - Match Solidario","og_description":"\u201cLes pido una cocina, porque est\u00e1 mala, funcionan dos quemadores nom\u00e1s, me cuesta cocinar ah\u00ed para mis nietos\u201d. Tiene 60 a\u00f1os y no recibe PGU.","og_url":"https:\/\/www.hogardecristo.cl\/match-solidario\/noticias\/ana-necesita-una-cocina\/","og_site_name":"Match Solidario","article_publisher":"https:\/\/www.facebook.com\/hdecristo","article_published_time":"2025-06-04T19:38:19+00:00","article_modified_time":"2026-04-01T12:56:01+00:00","og_image":[{"width":660,"height":360,"url":"https:\/\/www.hogardecristo.cl\/match-solidario\/wp-content\/uploads\/2025\/12\/Cuerpo-1-Ana-Torres.jpg","type":"image\/jpeg"}],"author":"Melany Reyes","twitter_card":"summary_large_image","twitter_creator":"@hdecristo","twitter_site":"@hdecristo","twitter_misc":{"Escrito por":"Melany Reyes","Tiempo de lectura":"1 minuto"},"schema":{"@context":"https:\/\/schema.org","@graph":[{"@type":"Article","@id":"https:\/\/www.hogardecristo.cl\/match-solidario\/noticias\/ana-necesita-una-cocina\/#article","isPartOf":{"@id":"https:\/\/www.hogardecristo.cl\/match-solidario\/noticias\/ana-necesita-una-cocina\/"},"author":{"name":"Melany Reyes","@id":"https:\/\/www.hogardecristo.cl\/match-solidario\/#\/schema\/person\/4c55dfb0453dcc13f45fe1b45d255ebc"},"headline":"Ana necesita una cocina","datePublished":"2025-06-04T19:38:19+00:00","dateModified":"2026-04-01T12:56:01+00:00","mainEntityOfPage":{"@id":"https:\/\/www.hogardecristo.cl\/match-solidario\/noticias\/ana-necesita-una-cocina\/"},"wordCount":133,"commentCount":0,"publisher":{"@id":"https:\/\/www.hogardecristo.cl\/match-solidario\/#organization"},"image":{"@id":"https:\/\/www.hogardecristo.cl\/match-solidario\/noticias\/ana-necesita-una-cocina\/#primaryimage"},"thumbnailUrl":"https:\/\/www.hogardecristo.cl\/match-solidario\/wp-content\/uploads\/2025\/12\/Cuerpo-1-Ana-Torres.jpg","articleSection":["Noticias"],"inLanguage":"es","potentialAction":[{"@type":"CommentAction","name":"Comment","target":["https:\/\/www.hogardecristo.cl\/match-solidario\/noticias\/ana-necesita-una-cocina\/#respond"]}]},{"@type":"WebPage","@id":"https:\/\/www.hogardecristo.cl\/match-solidario\/noticias\/ana-necesita-una-cocina\/","url":"https:\/\/www.hogardecristo.cl\/match-solidario\/noticias\/ana-necesita-una-cocina\/","name":"Ana necesita una cocina - Match Solidario","isPartOf":{"@id":"https:\/\/www.hogardecristo.cl\/match-solidario\/#website"},"primaryImageOfPage":{"@id":"https:\/\/www.hogardecristo.cl\/match-solidario\/noticias\/ana-necesita-una-cocina\/#primaryimage"},"image":{"@id":"https:\/\/www.hogardecristo.cl\/match-solidario\/noticias\/ana-necesita-una-cocina\/#primaryimage"},"thumbnailUrl":"https:\/\/www.hogardecristo.cl\/match-solidario\/wp-content\/uploads\/2025\/12\/Cuerpo-1-Ana-Torres.jpg","datePublished":"2025-06-04T19:38:19+00:00","dateModified":"2026-04-01T12:56:01+00:00","description":"\u201cLes pido una cocina, porque est\u00e1 mala, funcionan dos quemadores nom\u00e1s, me cuesta cocinar ah\u00ed para mis nietos\u201d. Tiene 60 a\u00f1os y no recibe PGU.","breadcrumb":{"@id":"https:\/\/www.hogardecristo.cl\/match-solidario\/noticias\/ana-necesita-una-cocina\/#breadcrumb"},"inLanguage":"es","potentialAction":[{"@type":"ReadAction","target":["https:\/\/www.hogardecristo.cl\/match-solidario\/noticias\/ana-necesita-una-cocina\/"]}]},{"@type":"ImageObject","inLanguage":"es","@id":"https:\/\/www.hogardecristo.cl\/match-solidario\/noticias\/ana-necesita-una-cocina\/#primaryimage","url":"https:\/\/www.hogardecristo.cl\/match-solidario\/wp-content\/uploads\/2025\/12\/Cuerpo-1-Ana-Torres.jpg","contentUrl":"https:\/\/www.hogardecristo.cl\/match-solidario\/wp-content\/uploads\/2025\/12\/Cuerpo-1-Ana-Torres.jpg","width":660,"height":360},{"@type":"BreadcrumbList","@id":"https:\/\/www.hogardecristo.cl\/match-solidario\/noticias\/ana-necesita-una-cocina\/#breadcrumb","itemListElement":[{"@type":"ListItem","position":1,"name":"Portada","item":"https:\/\/www.hogardecristo.cl\/match-solidario\/"},{"@type":"ListItem","position":2,"name":"Ana necesita una cocina"}]},{"@type":"WebSite","@id":"https:\/\/www.hogardecristo.cl\/match-solidario\/#website","url":"https:\/\/www.hogardecristo.cl\/match-solidario\/","name":"Match Solidario - Hogar de Cristo","description":"","publisher":{"@id":"https:\/\/www.hogardecristo.cl\/match-solidario\/#organization"},"potentialAction":[{"@type":"SearchAction","target":{"@type":"EntryPoint","urlTemplate":"https:\/\/www.hogardecristo.cl\/match-solidario\/?s={search_term_string}"},"query-input":{"@type":"PropertyValueSpecification","valueRequired":true,"valueName":"search_term_string"}}],"inLanguage":"es"},{"@type":"Organization","@id":"https:\/\/www.hogardecristo.cl\/match-solidario\/#organization","name":"Match Solidario","url":"https:\/\/www.hogardecristo.cl\/match-solidario\/","logo":{"@type":"ImageObject","inLanguage":"es","@id":"https:\/\/www.hogardecristo.cl\/match-solidario\/#\/schema\/logo\/image\/","url":"https:\/\/dev-hogardecristo.dpsgo.com\/match-solidario\/wp-content\/uploads\/2025\/11\/logo-match-solidario.jpg","contentUrl":"https:\/\/dev-hogardecristo.dpsgo.com\/match-solidario\/wp-content\/uploads\/2025\/11\/logo-match-solidario.jpg","width":301,"height":104,"caption":"Match Solidario"},"image":{"@id":"https:\/\/www.hogardecristo.cl\/match-solidario\/#\/schema\/logo\/image\/"},"sameAs":["https:\/\/www.facebook.com\/hdecristo","https:\/\/x.com\/hdecristo","https:\/\/www.instagram.com\/hogardecristo_chile\/","https:\/\/www.youtube.com\/user\/Hogardecristo1","https:\/\/www.tiktok.com\/@hogardecristocl"]},{"@type":"Person","@id":"https:\/\/www.hogardecristo.cl\/match-solidario\/#\/schema\/person\/4c55dfb0453dcc13f45fe1b45d255ebc","name":"Melany Reyes","image":{"@type":"ImageObject","inLanguage":"es","@id":"https:\/\/www.hogardecristo.cl\/match-solidario\/#\/schema\/person\/image\/","url":"https:\/\/secure.gravatar.com\/avatar\/7214173126b41d824e1d8859464866ae254caede9eff68022c090a9a4ac70903?s=96&d=mm&r=g","contentUrl":"https:\/\/secure.gravatar.com\/avatar\/7214173126b41d824e1d8859464866ae254caede9eff68022c090a9a4ac70903?s=96&d=mm&r=g","caption":"Melany Reyes"},"url":"https:\/\/www.hogardecristo.cl\/match-solidario\/author\/mreyest\/"}]}},"_links":{"self":[{"href":"https:\/\/www.hogardecristo.cl\/match-solidario\/wp-json\/wp\/v2\/posts\/1595","targetHints":{"allow":["GET"]}}],"collection":[{"href":"https:\/\/www.hogardecristo.cl\/match-solidario\/wp-json\/wp\/v2\/posts"}],"about":[{"href":"https:\/\/www.hogardecristo.cl\/match-solidario\/wp-json\/wp\/v2\/types\/post"}],"author":[{"embeddable":true,"href":"https:\/\/www.hogardecristo.cl\/match-solidario\/wp-json\/wp\/v2\/users\/3"}],"replies":[{"embeddable":true,"href":"https:\/\/www.hogardecristo.cl\/match-solidario\/wp-json\/wp\/v2\/comments?post=1595"}],"version-history":[{"count":8,"href":"https:\/\/www.hogardecristo.cl\/match-solidario\/wp-json\/wp\/v2\/posts\/1595\/revisions"}],"predecessor-version":[{"id":2052,"href":"https:\/\/www.hogardecristo.cl\/match-solidario\/wp-json\/wp\/v2\/posts\/1595\/revisions\/2052"}],"wp:featuredmedia":[{"embeddable":true,"href":"https:\/\/www.hogardecristo.cl\/match-solidario\/wp-json\/wp\/v2\/media\/1596"}],"wp:attachment":[{"href":"https:\/\/www.hogardecristo.cl\/match-solidario\/wp-json\/wp\/v2\/media?parent=1595"}],"wp:term":[{"taxonomy":"category","embeddable":true,"href":"https:\/\/www.hogardecristo.cl\/match-solidario\/wp-json\/wp\/v2\/categories?post=1595"},{"taxonomy":"post_tag","embeddable":true,"href":"https:\/\/www.hogardecristo.cl\/match-solidario\/wp-json\/wp\/v2\/tags?post=1595"}],"curies":[{"name":"wp","href":"https:\/\/api.w.org\/{rel}","templated":true}]}}