{"id":1750,"date":"2025-12-24T18:14:43","date_gmt":"2025-12-24T18:14:43","guid":{"rendered":"https:\/\/www.hogardecristo.cl\/match-solidario\/?p=1750"},"modified":"2025-12-24T18:14:43","modified_gmt":"2025-12-24T18:14:43","slug":"maquina-de-coser-para-gladis","status":"publish","type":"post","link":"https:\/\/www.hogardecristo.cl\/match-solidario\/haz-match\/electrodomesticos\/maquina-de-coser-para-gladis\/","title":{"rendered":"M\u00e1quina de coser para Gladis"},"content":{"rendered":"<p>Gladis Cisterna persona mayor de Quilpu\u00e9, durante a\u00f1os realiz\u00f3 trabajos de costura y arreglos que le permit\u00edan generar ingresos y aportar a la econom\u00eda de su hogar. Sin embargo, la m\u00e1quina de coser que utilizaba se descompuso sin posibilidad de reparaci\u00f3n, dej\u00e1ndola sin su principal herramienta de trabajo.<br \/>\nEsta situaci\u00f3n no solo afecta sus ingresos, sino tambi\u00e9n su sentido de autonom\u00eda, utilidad y bienestar emocional, ya que la costura es una actividad significativa para ella y una fuente de reconocimiento y dignidad.<\/p>\n<p>\u00bfQu\u00e9 se necesita? Aporta lo que puedas:<br \/>\nM\u00e1quina de coser.<\/p>\n","protected":false},"excerpt":{"rendered":"<p>Gladis Cisterna persona mayor de Quilpu\u00e9, durante a\u00f1os realiz\u00f3 trabajos de costura y arreglos que le permit\u00edan generar ingresos y aportar a la econom\u00eda de su hogar. Sin embargo, la m\u00e1quina de coser que utilizaba se descompuso sin posibilidad de reparaci\u00f3n, dej\u00e1ndola sin su principal herramienta de trabajo. Esta situaci\u00f3n no solo afecta sus ingresos, [&hellip;]<\/p>\n","protected":false},"author":3,"featured_media":812,"comment_status":"open","ping_status":"open","sticky":false,"template":"","format":"standard","meta":{"footnotes":""},"categories":[19,9],"tags":[],"class_list":["post-1750","post","type-post","status-publish","format-standard","has-post-thumbnail","hentry","category-electrodomesticos","category-haz-match"],"acf":[],"yoast_head":"<!-- This site is optimized with the Yoast SEO plugin v26.6 - https:\/\/yoast.com\/wordpress\/plugins\/seo\/ -->\n<title>M\u00e1quina de coser para Gladis - Match Solidario<\/title>\n<meta name=\"description\" content=\"La m\u00e1quina que utilizaba se descompuso, dej\u00e1ndola sin su principal herramienta de trabajo. Esta situaci\u00f3n no solo afecta sus ingresos.\" \/>\n<meta name=\"robots\" content=\"index, follow, max-snippet:-1, max-image-preview:large, max-video-preview:-1\" \/>\n<link rel=\"canonical\" href=\"https:\/\/www.hogardecristo.cl\/match-solidario\/haz-match\/electrodomesticos\/maquina-de-coser-para-gladis\/\" \/>\n<meta property=\"og:locale\" content=\"es_ES\" \/>\n<meta property=\"og:type\" content=\"article\" \/>\n<meta property=\"og:title\" content=\"M\u00e1quina de coser para Gladis - Match Solidario\" \/>\n<meta property=\"og:description\" content=\"La m\u00e1quina que utilizaba se descompuso, dej\u00e1ndola sin su principal herramienta de trabajo. Esta situaci\u00f3n no solo afecta sus ingresos.\" \/>\n<meta property=\"og:url\" content=\"https:\/\/www.hogardecristo.cl\/match-solidario\/haz-match\/electrodomesticos\/maquina-de-coser-para-gladis\/\" \/>\n<meta property=\"og:site_name\" content=\"Match Solidario\" \/>\n<meta property=\"article:publisher\" content=\"https:\/\/www.facebook.com\/hdecristo\" \/>\n<meta property=\"article:published_time\" content=\"2025-12-24T18:14:43+00:00\" \/>\n<meta property=\"og:image\" content=\"https:\/\/www.hogardecristo.cl\/match-solidario\/wp-content\/uploads\/2025\/11\/AL7A9221-scaled.jpg\" \/>\n\t<meta property=\"og:image:width\" content=\"2560\" \/>\n\t<meta property=\"og:image:height\" content=\"1707\" \/>\n\t<meta property=\"og:image:type\" content=\"image\/jpeg\" \/>\n<meta name=\"author\" content=\"Melany Reyes\" \/>\n<meta name=\"twitter:card\" content=\"summary_large_image\" \/>\n<meta name=\"twitter:creator\" content=\"@hdecristo\" \/>\n<meta name=\"twitter:site\" content=\"@hdecristo\" \/>\n<meta name=\"twitter:label1\" content=\"Escrito por\" \/>\n\t<meta name=\"twitter:data1\" content=\"Melany Reyes\" \/>\n\t<meta name=\"twitter:label2\" content=\"Tiempo de lectura\" \/>\n\t<meta name=\"twitter:data2\" content=\"1 minuto\" \/>\n<script type=\"application\/ld+json\" class=\"yoast-schema-graph\">{\"@context\":\"https:\/\/schema.org\",\"@graph\":[{\"@type\":\"Article\",\"@id\":\"https:\/\/www.hogardecristo.cl\/match-solidario\/haz-match\/electrodomesticos\/maquina-de-coser-para-gladis\/#article\",\"isPartOf\":{\"@id\":\"https:\/\/www.hogardecristo.cl\/match-solidario\/haz-match\/electrodomesticos\/maquina-de-coser-para-gladis\/\"},\"author\":{\"name\":\"Melany Reyes\",\"@id\":\"https:\/\/www.hogardecristo.cl\/match-solidario\/#\/schema\/person\/4c55dfb0453dcc13f45fe1b45d255ebc\"},\"headline\":\"M\u00e1quina de coser para Gladis\",\"datePublished\":\"2025-12-24T18:14:43+00:00\",\"mainEntityOfPage\":{\"@id\":\"https:\/\/www.hogardecristo.cl\/match-solidario\/haz-match\/electrodomesticos\/maquina-de-coser-para-gladis\/\"},\"wordCount\":108,\"commentCount\":0,\"publisher\":{\"@id\":\"https:\/\/www.hogardecristo.cl\/match-solidario\/#organization\"},\"image\":{\"@id\":\"https:\/\/www.hogardecristo.cl\/match-solidario\/haz-match\/electrodomesticos\/maquina-de-coser-para-gladis\/#primaryimage\"},\"thumbnailUrl\":\"https:\/\/www.hogardecristo.cl\/match-solidario\/wp-content\/uploads\/2025\/11\/AL7A9221-scaled.jpg\",\"articleSection\":[\"Electrodom\u00e9sticos\",\"Haz Match\"],\"inLanguage\":\"es\",\"potentialAction\":[{\"@type\":\"CommentAction\",\"name\":\"Comment\",\"target\":[\"https:\/\/www.hogardecristo.cl\/match-solidario\/haz-match\/electrodomesticos\/maquina-de-coser-para-gladis\/#respond\"]}]},{\"@type\":\"WebPage\",\"@id\":\"https:\/\/www.hogardecristo.cl\/match-solidario\/haz-match\/electrodomesticos\/maquina-de-coser-para-gladis\/\",\"url\":\"https:\/\/www.hogardecristo.cl\/match-solidario\/haz-match\/electrodomesticos\/maquina-de-coser-para-gladis\/\",\"name\":\"M\u00e1quina de coser para Gladis - Match Solidario\",\"isPartOf\":{\"@id\":\"https:\/\/www.hogardecristo.cl\/match-solidario\/#website\"},\"primaryImageOfPage\":{\"@id\":\"https:\/\/www.hogardecristo.cl\/match-solidario\/haz-match\/electrodomesticos\/maquina-de-coser-para-gladis\/#primaryimage\"},\"image\":{\"@id\":\"https:\/\/www.hogardecristo.cl\/match-solidario\/haz-match\/electrodomesticos\/maquina-de-coser-para-gladis\/#primaryimage\"},\"thumbnailUrl\":\"https:\/\/www.hogardecristo.cl\/match-solidario\/wp-content\/uploads\/2025\/11\/AL7A9221-scaled.jpg\",\"datePublished\":\"2025-12-24T18:14:43+00:00\",\"description\":\"La m\u00e1quina que utilizaba se descompuso, dej\u00e1ndola sin su principal herramienta de trabajo. Esta situaci\u00f3n no solo afecta sus ingresos.\",\"breadcrumb\":{\"@id\":\"https:\/\/www.hogardecristo.cl\/match-solidario\/haz-match\/electrodomesticos\/maquina-de-coser-para-gladis\/#breadcrumb\"},\"inLanguage\":\"es\",\"potentialAction\":[{\"@type\":\"ReadAction\",\"target\":[\"https:\/\/www.hogardecristo.cl\/match-solidario\/haz-match\/electrodomesticos\/maquina-de-coser-para-gladis\/\"]}]},{\"@type\":\"ImageObject\",\"inLanguage\":\"es\",\"@id\":\"https:\/\/www.hogardecristo.cl\/match-solidario\/haz-match\/electrodomesticos\/maquina-de-coser-para-gladis\/#primaryimage\",\"url\":\"https:\/\/www.hogardecristo.cl\/match-solidario\/wp-content\/uploads\/2025\/11\/AL7A9221-scaled.jpg\",\"contentUrl\":\"https:\/\/www.hogardecristo.cl\/match-solidario\/wp-content\/uploads\/2025\/11\/AL7A9221-scaled.jpg\",\"width\":2560,\"height\":1707,\"caption\":\"Santiago, 31.08.2022. Retratos Elena Donaire. Elena Donaire: \u201cHan sido 50 a\u00f1os de buscar ata\u00fades para personas que, de muertos, siguen siendo pobres\u201d Voluntaria clandestina en dictadura, amiga del Padre Hurtado, la historia de Elena Donaire resume 87 a\u00f1os de abusos, pobreza e inequidades. Una vida que, pese a ser narrada por una mujer de casi 90 a\u00f1os, aborda los temas m\u00e1s oscuros del Chile moderno: infancia vulnerada, la c\u00e1rcel y la calle. Por Mat\u00edas Concha P. El d\u00eda en que Elena Donaire supo que su madre hab\u00eda muerto, dos desconocidos llegaron a recogerla al convento donde viv\u00eda para llev\u00e1rsela a vivir con ellos. \u201cYo no los conoc\u00eda, pero no qued\u00f3 otra que partir, apenas ten\u00eda 11 a\u00f1os\u201d. Hasta entonces, Elena hab\u00eda so\u00f1ado con ser Amelia Earhart, la primera mujer en pilotear un avi\u00f3n a trav\u00e9s el Oc\u00e9ano Atl\u00e1ntico. As\u00ed no result\u00f3 su historia. Hoy est\u00e1 muy delgada y tiene ojeras de cansancio. Es la huella que deja una vida explorando mundos ocultos, invisibles y marginados, entre la pobreza, la c\u00e1rcel, la dictadura y el padre Hurtado. \u201cMi mam\u00e1 nos intern\u00f3 en un convento cuando yo ten\u00eda cinco a\u00f1os, no pod\u00edamos salir, viv\u00edamos encerradas. Lo \u00fanico que hac\u00edamos era limpiar las cosas de las monjas. Ah\u00ed estuve hasta que ella muri\u00f3 y dos extra\u00f1os -mis abuelos- me pasaron a buscar. As\u00ed los conoc\u00ed. Y como no ten\u00edan dinero para criarme, me hicieron trabajar en un puesto de flores en Mapocho\u201d, cuenta. -\u00bfY tu pap\u00e1 d\u00f3nde estaba? -Cuando pregunt\u00e9 solo una t\u00eda se atrevi\u00f3 a decirme la verdad. Resulta que mi madre tambi\u00e9n estuvo internada en un convento. Y pas\u00f3 que a los 16 a\u00f1os la fue a buscar el hermano de mi abuela, su t\u00edo, con la excusa de llev\u00e1rsela para ayudarlo con la pega. Puras mentiras: \u00e9l abus\u00f3 de ella y de ese abuso nac\u00ed yo. Elena es franca, directa e irreverente. Conversar con ella nos transporta al Chile de los a\u00f1os 40, el de los m\u00e1s excluidos. Parti\u00f3 como voluntaria en la Fundaci\u00f3n del Padre Hurtado, m\u00e1s adelante, su inter\u00e9s se volc\u00f3 en las personas privadas de libertad en la c\u00e1rcel. Cuando se produjo el golpe militar, sigui\u00f3 como voluntaria clandestina. \u201cComo hab\u00eda toque de queda, sal\u00eda con un pa\u00f1uelo blanco a repartir medicinas a los campamentos\u201d, recuerda. Fue a mediados de la d\u00e9cada del 40 cuando lleg\u00f3 al Hogar de Cristo, para hacer catecismo a ni\u00f1os abandonados en la calle. Les llevaba pelotas de f\u00fatbol y dulces. Entonces ten\u00eda 15 a\u00f1os. \u201cEn esa \u00e9poca conoc\u00ed al Padre Hurtado, cuando lo recuerdo, lo primero que se me viene a la cabeza es verlo recogiendo a ni\u00f1os abandonados que viv\u00edan a orillas del Mapocho\u201d. -\u00bfQu\u00e9 recuerdo tienes de \u00e9l? -Que era bueno para conversar con la gente. Hoy dir\u00edan que era un gallo medio hiperkin\u00e9tico porque siempre andaba haciendo algo, no paraba. Me acuerdo de una vez que fuimos a buscar ni\u00f1os al Mapocho, pero la camioneta se qued\u00f3 en pana. Al final, todos tuvimos que empujar la camioneta, pero \u00e9l se lo tomaba con humor -recuerda, entre risas. A los 19 a\u00f1os, la historia de Eliana dio un giro inesperado. Con el tiempo, logr\u00f3 comprarse una m\u00e1quina de coser e hizo un curso de costura, y cambi\u00f3 su rumbo. \u201cEn esa \u00e9poca yo me daba un beso y pensaba que estaba embarazada. Imag\u00ednate lo asustada que andaba. Finalmente, qued\u00e9 esperando guagua, eso lo cambi\u00f3 todo\u201d. -\u00bfQu\u00e9 pas\u00f3? -El pap\u00e1 no apechug\u00f3. Al contrario, se fue a vivir con una ni\u00f1ita que en esa \u00e9poca ten\u00eda 14 a\u00f1os. Entonces tuve que dejar de coser porque no me alcanzaba la plata. Esa fue la gota que rebals\u00f3 el vaso. Y como ya hab\u00eda sido carga de mis abuelos, no quer\u00eda volver a ser carga de nadie, ah\u00ed me dije a mi misma \u201caunque sea limpiando ba\u00f1os, voy a salir adelante\u201d. Y as\u00ed fue, pero no como en las pel\u00edculas. Su hijo creci\u00f3 en un ambiente incierto de amores contrariados. Al final, como su padre, \u00e9l tampoco estuvo ah\u00ed para sus propios hijos. \u201cMi hijo nunca se preocup\u00f3 de sus ni\u00f1os, por eso cuando mis nietos crecieron tambi\u00e9n cayeron en el alcohol y las drogas. Uno falleci\u00f3, el otro estuvo durante a\u00f1os preso. Por eso empec\u00e9 a visitar la c\u00e1rcel como voluntaria\u201d, dice Elena. -\u00bfFue por tu nieto? -Claro, esa fue la \u00fanica forma de tenerlo cerca m\u00edo. \u00bfY sabes qu\u00e9 es lo m\u00e1s divertido? Que al final casi ese esfuerzo no resultaba, porque los gendarmes se quedaban con todo, eran bien sin verg\u00fcenzas. -\u00bfSe quedaban con las cosas que le llevabas a los reclusos? -Tal cual. Como en esa \u00e9poca llegaban muchos libros donados al Hogar de Cristo, se me ocurri\u00f3 hablar con los de la Fundaci\u00f3n para llevarlos a la c\u00e1rcel. Mi idea era armar una biblioteca, pero, al final, no funcion\u00f3, los gendarmes se quedaron con todo, cientos de libros, los \u00fanicos libros que cruzaron obviamente fueron los peores, los que apenas se pod\u00edan leer. Despu\u00e9s de 10 a\u00f1os de voluntariado en la c\u00e1rcel, cuando su nieto sali\u00f3 en libertad, Elena le ofreci\u00f3 irse a vivir con ella. Pero al poco tiempo, \u00e9l empez\u00f3 a robarle cosas de su departamento. Sin otra alternativa, le tuvo que pedir que se fuera. \u201cPara m\u00ed es un tema muy doloroso. La droga lo cambi\u00f3 entero, ahora \u00e9l vive en la calle\u2026 Me pasa que a\u00fan lo busco en las noches, le doy comida, le llevo frazadas, pero \u00e9l me gritonea, me llega a dar susto\u201d. Hace unos d\u00edas, Elena alcanz\u00f3 medio siglo de voluntariado en el Hogar de Cristo. \u201c\u00a1He visto morir a tanta gente pobre! Si te contara las veces que me he tenido que ir a conseguir cajones, no terminar\u00edamos nunca. Han sido 50 a\u00f1os de buscar ata\u00fades para personas que, de muertos, siguen siendo pobres, para qu\u00e9 te sigo contando, en la \u00e9poca de la dictadura fue peor\u201d. -\u00bfPor qu\u00e9? -En esa \u00e9poca se hac\u00eda desaparecer a la gente pobre, los hicieron volar de los lugares p\u00fablicos, porque lo que no se ve, no existe. Entonces no me qued\u00f3 otra que ser una especie de voluntaria clandestina. Como hab\u00eda toque de queda, sal\u00eda con un pa\u00f1uelo blanco a repartir medicinas a los campamentos. Ahora, por lo menos, los pobres pueden ir a la Posta Central. Se puede decir que en algo a cambiado la pobreza en Chile. -\u00bfEn qu\u00e9 ha cambiado? -Ahora es m\u00e1s oculta, menos evidente. Pero siempre se jode primero a las mujeres y a los ni\u00f1os. Por ejemplo, en Renca, hace m\u00e1s de 10 a\u00f1os, a una jovencita le quitaron su guag\u00fcita, se la llevaron al Sename. Despu\u00e9s de ese abuso no volvi\u00f3 a ser la misma, se trastorn\u00f3. T\u00fa la ve\u00edas siempre cargando una mu\u00f1eca, iba para todos lados con ella en brazos, como si fuera su hija. Fue muy injusto porque muchos hombres abusaron de ella, se aprovechaban de que ya no le importaba nada. Por a\u00f1os la fui a ver, debe haber tenido como 25 a\u00f1os. -\u00bfNadie la pudo rescatar? -No, la encontraron muerta\u2026 A\u00fan me pasa que cuando salgo a ruta calle con los del Hogar de Cristo, me imagino verla caminando con su mu\u00f1eca, sentada al lado del kiosco donde se pon\u00eda a llorar la p\u00e9rdida de su guag\u00fcita. En la actualidad, Elena vive de una Pensi\u00f3n B\u00e1sica Solidaria, poco m\u00e1s de cien mil pesos mensuales. Dice que debe elegir entre pagar la micro o comprar sus remedios, as\u00ed de dram\u00e1tico. A ella no le importa. Ahora est\u00e1 preocupada de llegar a los 100 a\u00f1os porque a\u00fan le faltan muchas cosas por hacer en esta vida. Y amable, pese a todas las cosas, nos regala un consejo: \u201cSi la gente est\u00e1 ocupada trabajando todo el d\u00eda para gastar la plata que no consigue, \u00bfc\u00f3mo nos va a quedar tiempo para pensar en los dem\u00e1s?\u201d -\u00bfDe d\u00f3nde sacas tanto aguante? -Del flaco de arriba. Por Mat\u00edas Concha P. Fotograf\u00edas AGENCIA BLACKOUT\"},{\"@type\":\"BreadcrumbList\",\"@id\":\"https:\/\/www.hogardecristo.cl\/match-solidario\/haz-match\/electrodomesticos\/maquina-de-coser-para-gladis\/#breadcrumb\",\"itemListElement\":[{\"@type\":\"ListItem\",\"position\":1,\"name\":\"Portada\",\"item\":\"https:\/\/www.hogardecristo.cl\/match-solidario\/\"},{\"@type\":\"ListItem\",\"position\":2,\"name\":\"M\u00e1quina de coser para Gladis\"}]},{\"@type\":\"WebSite\",\"@id\":\"https:\/\/www.hogardecristo.cl\/match-solidario\/#website\",\"url\":\"https:\/\/www.hogardecristo.cl\/match-solidario\/\",\"name\":\"Match Solidario - Hogar de Cristo\",\"description\":\"\",\"publisher\":{\"@id\":\"https:\/\/www.hogardecristo.cl\/match-solidario\/#organization\"},\"potentialAction\":[{\"@type\":\"SearchAction\",\"target\":{\"@type\":\"EntryPoint\",\"urlTemplate\":\"https:\/\/www.hogardecristo.cl\/match-solidario\/?s={search_term_string}\"},\"query-input\":{\"@type\":\"PropertyValueSpecification\",\"valueRequired\":true,\"valueName\":\"search_term_string\"}}],\"inLanguage\":\"es\"},{\"@type\":\"Organization\",\"@id\":\"https:\/\/www.hogardecristo.cl\/match-solidario\/#organization\",\"name\":\"Match Solidario\",\"url\":\"https:\/\/www.hogardecristo.cl\/match-solidario\/\",\"logo\":{\"@type\":\"ImageObject\",\"inLanguage\":\"es\",\"@id\":\"https:\/\/www.hogardecristo.cl\/match-solidario\/#\/schema\/logo\/image\/\",\"url\":\"https:\/\/dev-hogardecristo.dpsgo.com\/match-solidario\/wp-content\/uploads\/2025\/11\/logo-match-solidario.jpg\",\"contentUrl\":\"https:\/\/dev-hogardecristo.dpsgo.com\/match-solidario\/wp-content\/uploads\/2025\/11\/logo-match-solidario.jpg\",\"width\":301,\"height\":104,\"caption\":\"Match Solidario\"},\"image\":{\"@id\":\"https:\/\/www.hogardecristo.cl\/match-solidario\/#\/schema\/logo\/image\/\"},\"sameAs\":[\"https:\/\/www.facebook.com\/hdecristo\",\"https:\/\/x.com\/hdecristo\",\"https:\/\/www.instagram.com\/hogardecristo_chile\/\",\"https:\/\/www.youtube.com\/user\/Hogardecristo1\",\"https:\/\/www.tiktok.com\/@hogardecristocl\"]},{\"@type\":\"Person\",\"@id\":\"https:\/\/www.hogardecristo.cl\/match-solidario\/#\/schema\/person\/4c55dfb0453dcc13f45fe1b45d255ebc\",\"name\":\"Melany Reyes\",\"image\":{\"@type\":\"ImageObject\",\"inLanguage\":\"es\",\"@id\":\"https:\/\/www.hogardecristo.cl\/match-solidario\/#\/schema\/person\/image\/\",\"url\":\"https:\/\/secure.gravatar.com\/avatar\/7214173126b41d824e1d8859464866ae254caede9eff68022c090a9a4ac70903?s=96&d=mm&r=g\",\"contentUrl\":\"https:\/\/secure.gravatar.com\/avatar\/7214173126b41d824e1d8859464866ae254caede9eff68022c090a9a4ac70903?s=96&d=mm&r=g\",\"caption\":\"Melany Reyes\"},\"url\":\"https:\/\/www.hogardecristo.cl\/match-solidario\/author\/mreyest\/\"}]}<\/script>\n<!-- \/ Yoast SEO plugin. -->","yoast_head_json":{"title":"M\u00e1quina de coser para Gladis - Match Solidario","description":"La m\u00e1quina que utilizaba se descompuso, dej\u00e1ndola sin su principal herramienta de trabajo. Esta situaci\u00f3n no solo afecta sus ingresos.","robots":{"index":"index","follow":"follow","max-snippet":"max-snippet:-1","max-image-preview":"max-image-preview:large","max-video-preview":"max-video-preview:-1"},"canonical":"https:\/\/www.hogardecristo.cl\/match-solidario\/haz-match\/electrodomesticos\/maquina-de-coser-para-gladis\/","og_locale":"es_ES","og_type":"article","og_title":"M\u00e1quina de coser para Gladis - Match Solidario","og_description":"La m\u00e1quina que utilizaba se descompuso, dej\u00e1ndola sin su principal herramienta de trabajo. Esta situaci\u00f3n no solo afecta sus ingresos.","og_url":"https:\/\/www.hogardecristo.cl\/match-solidario\/haz-match\/electrodomesticos\/maquina-de-coser-para-gladis\/","og_site_name":"Match Solidario","article_publisher":"https:\/\/www.facebook.com\/hdecristo","article_published_time":"2025-12-24T18:14:43+00:00","og_image":[{"width":2560,"height":1707,"url":"https:\/\/www.hogardecristo.cl\/match-solidario\/wp-content\/uploads\/2025\/11\/AL7A9221-scaled.jpg","type":"image\/jpeg"}],"author":"Melany Reyes","twitter_card":"summary_large_image","twitter_creator":"@hdecristo","twitter_site":"@hdecristo","twitter_misc":{"Escrito por":"Melany Reyes","Tiempo de lectura":"1 minuto"},"schema":{"@context":"https:\/\/schema.org","@graph":[{"@type":"Article","@id":"https:\/\/www.hogardecristo.cl\/match-solidario\/haz-match\/electrodomesticos\/maquina-de-coser-para-gladis\/#article","isPartOf":{"@id":"https:\/\/www.hogardecristo.cl\/match-solidario\/haz-match\/electrodomesticos\/maquina-de-coser-para-gladis\/"},"author":{"name":"Melany Reyes","@id":"https:\/\/www.hogardecristo.cl\/match-solidario\/#\/schema\/person\/4c55dfb0453dcc13f45fe1b45d255ebc"},"headline":"M\u00e1quina de coser para Gladis","datePublished":"2025-12-24T18:14:43+00:00","mainEntityOfPage":{"@id":"https:\/\/www.hogardecristo.cl\/match-solidario\/haz-match\/electrodomesticos\/maquina-de-coser-para-gladis\/"},"wordCount":108,"commentCount":0,"publisher":{"@id":"https:\/\/www.hogardecristo.cl\/match-solidario\/#organization"},"image":{"@id":"https:\/\/www.hogardecristo.cl\/match-solidario\/haz-match\/electrodomesticos\/maquina-de-coser-para-gladis\/#primaryimage"},"thumbnailUrl":"https:\/\/www.hogardecristo.cl\/match-solidario\/wp-content\/uploads\/2025\/11\/AL7A9221-scaled.jpg","articleSection":["Electrodom\u00e9sticos","Haz Match"],"inLanguage":"es","potentialAction":[{"@type":"CommentAction","name":"Comment","target":["https:\/\/www.hogardecristo.cl\/match-solidario\/haz-match\/electrodomesticos\/maquina-de-coser-para-gladis\/#respond"]}]},{"@type":"WebPage","@id":"https:\/\/www.hogardecristo.cl\/match-solidario\/haz-match\/electrodomesticos\/maquina-de-coser-para-gladis\/","url":"https:\/\/www.hogardecristo.cl\/match-solidario\/haz-match\/electrodomesticos\/maquina-de-coser-para-gladis\/","name":"M\u00e1quina de coser para Gladis - Match Solidario","isPartOf":{"@id":"https:\/\/www.hogardecristo.cl\/match-solidario\/#website"},"primaryImageOfPage":{"@id":"https:\/\/www.hogardecristo.cl\/match-solidario\/haz-match\/electrodomesticos\/maquina-de-coser-para-gladis\/#primaryimage"},"image":{"@id":"https:\/\/www.hogardecristo.cl\/match-solidario\/haz-match\/electrodomesticos\/maquina-de-coser-para-gladis\/#primaryimage"},"thumbnailUrl":"https:\/\/www.hogardecristo.cl\/match-solidario\/wp-content\/uploads\/2025\/11\/AL7A9221-scaled.jpg","datePublished":"2025-12-24T18:14:43+00:00","description":"La m\u00e1quina que utilizaba se descompuso, dej\u00e1ndola sin su principal herramienta de trabajo. Esta situaci\u00f3n no solo afecta sus ingresos.","breadcrumb":{"@id":"https:\/\/www.hogardecristo.cl\/match-solidario\/haz-match\/electrodomesticos\/maquina-de-coser-para-gladis\/#breadcrumb"},"inLanguage":"es","potentialAction":[{"@type":"ReadAction","target":["https:\/\/www.hogardecristo.cl\/match-solidario\/haz-match\/electrodomesticos\/maquina-de-coser-para-gladis\/"]}]},{"@type":"ImageObject","inLanguage":"es","@id":"https:\/\/www.hogardecristo.cl\/match-solidario\/haz-match\/electrodomesticos\/maquina-de-coser-para-gladis\/#primaryimage","url":"https:\/\/www.hogardecristo.cl\/match-solidario\/wp-content\/uploads\/2025\/11\/AL7A9221-scaled.jpg","contentUrl":"https:\/\/www.hogardecristo.cl\/match-solidario\/wp-content\/uploads\/2025\/11\/AL7A9221-scaled.jpg","width":2560,"height":1707,"caption":"Santiago, 31.08.2022. Retratos Elena Donaire. Elena Donaire: \u201cHan sido 50 a\u00f1os de buscar ata\u00fades para personas que, de muertos, siguen siendo pobres\u201d Voluntaria clandestina en dictadura, amiga del Padre Hurtado, la historia de Elena Donaire resume 87 a\u00f1os de abusos, pobreza e inequidades. Una vida que, pese a ser narrada por una mujer de casi 90 a\u00f1os, aborda los temas m\u00e1s oscuros del Chile moderno: infancia vulnerada, la c\u00e1rcel y la calle. Por Mat\u00edas Concha P. El d\u00eda en que Elena Donaire supo que su madre hab\u00eda muerto, dos desconocidos llegaron a recogerla al convento donde viv\u00eda para llev\u00e1rsela a vivir con ellos. \u201cYo no los conoc\u00eda, pero no qued\u00f3 otra que partir, apenas ten\u00eda 11 a\u00f1os\u201d. Hasta entonces, Elena hab\u00eda so\u00f1ado con ser Amelia Earhart, la primera mujer en pilotear un avi\u00f3n a trav\u00e9s el Oc\u00e9ano Atl\u00e1ntico. As\u00ed no result\u00f3 su historia. Hoy est\u00e1 muy delgada y tiene ojeras de cansancio. Es la huella que deja una vida explorando mundos ocultos, invisibles y marginados, entre la pobreza, la c\u00e1rcel, la dictadura y el padre Hurtado. \u201cMi mam\u00e1 nos intern\u00f3 en un convento cuando yo ten\u00eda cinco a\u00f1os, no pod\u00edamos salir, viv\u00edamos encerradas. Lo \u00fanico que hac\u00edamos era limpiar las cosas de las monjas. Ah\u00ed estuve hasta que ella muri\u00f3 y dos extra\u00f1os -mis abuelos- me pasaron a buscar. As\u00ed los conoc\u00ed. Y como no ten\u00edan dinero para criarme, me hicieron trabajar en un puesto de flores en Mapocho\u201d, cuenta. -\u00bfY tu pap\u00e1 d\u00f3nde estaba? -Cuando pregunt\u00e9 solo una t\u00eda se atrevi\u00f3 a decirme la verdad. Resulta que mi madre tambi\u00e9n estuvo internada en un convento. Y pas\u00f3 que a los 16 a\u00f1os la fue a buscar el hermano de mi abuela, su t\u00edo, con la excusa de llev\u00e1rsela para ayudarlo con la pega. Puras mentiras: \u00e9l abus\u00f3 de ella y de ese abuso nac\u00ed yo. Elena es franca, directa e irreverente. Conversar con ella nos transporta al Chile de los a\u00f1os 40, el de los m\u00e1s excluidos. Parti\u00f3 como voluntaria en la Fundaci\u00f3n del Padre Hurtado, m\u00e1s adelante, su inter\u00e9s se volc\u00f3 en las personas privadas de libertad en la c\u00e1rcel. Cuando se produjo el golpe militar, sigui\u00f3 como voluntaria clandestina. \u201cComo hab\u00eda toque de queda, sal\u00eda con un pa\u00f1uelo blanco a repartir medicinas a los campamentos\u201d, recuerda. Fue a mediados de la d\u00e9cada del 40 cuando lleg\u00f3 al Hogar de Cristo, para hacer catecismo a ni\u00f1os abandonados en la calle. Les llevaba pelotas de f\u00fatbol y dulces. Entonces ten\u00eda 15 a\u00f1os. \u201cEn esa \u00e9poca conoc\u00ed al Padre Hurtado, cuando lo recuerdo, lo primero que se me viene a la cabeza es verlo recogiendo a ni\u00f1os abandonados que viv\u00edan a orillas del Mapocho\u201d. -\u00bfQu\u00e9 recuerdo tienes de \u00e9l? -Que era bueno para conversar con la gente. Hoy dir\u00edan que era un gallo medio hiperkin\u00e9tico porque siempre andaba haciendo algo, no paraba. Me acuerdo de una vez que fuimos a buscar ni\u00f1os al Mapocho, pero la camioneta se qued\u00f3 en pana. Al final, todos tuvimos que empujar la camioneta, pero \u00e9l se lo tomaba con humor -recuerda, entre risas. A los 19 a\u00f1os, la historia de Eliana dio un giro inesperado. Con el tiempo, logr\u00f3 comprarse una m\u00e1quina de coser e hizo un curso de costura, y cambi\u00f3 su rumbo. \u201cEn esa \u00e9poca yo me daba un beso y pensaba que estaba embarazada. Imag\u00ednate lo asustada que andaba. Finalmente, qued\u00e9 esperando guagua, eso lo cambi\u00f3 todo\u201d. -\u00bfQu\u00e9 pas\u00f3? -El pap\u00e1 no apechug\u00f3. Al contrario, se fue a vivir con una ni\u00f1ita que en esa \u00e9poca ten\u00eda 14 a\u00f1os. Entonces tuve que dejar de coser porque no me alcanzaba la plata. Esa fue la gota que rebals\u00f3 el vaso. Y como ya hab\u00eda sido carga de mis abuelos, no quer\u00eda volver a ser carga de nadie, ah\u00ed me dije a mi misma \u201caunque sea limpiando ba\u00f1os, voy a salir adelante\u201d. Y as\u00ed fue, pero no como en las pel\u00edculas. Su hijo creci\u00f3 en un ambiente incierto de amores contrariados. Al final, como su padre, \u00e9l tampoco estuvo ah\u00ed para sus propios hijos. \u201cMi hijo nunca se preocup\u00f3 de sus ni\u00f1os, por eso cuando mis nietos crecieron tambi\u00e9n cayeron en el alcohol y las drogas. Uno falleci\u00f3, el otro estuvo durante a\u00f1os preso. Por eso empec\u00e9 a visitar la c\u00e1rcel como voluntaria\u201d, dice Elena. -\u00bfFue por tu nieto? -Claro, esa fue la \u00fanica forma de tenerlo cerca m\u00edo. \u00bfY sabes qu\u00e9 es lo m\u00e1s divertido? Que al final casi ese esfuerzo no resultaba, porque los gendarmes se quedaban con todo, eran bien sin verg\u00fcenzas. -\u00bfSe quedaban con las cosas que le llevabas a los reclusos? -Tal cual. Como en esa \u00e9poca llegaban muchos libros donados al Hogar de Cristo, se me ocurri\u00f3 hablar con los de la Fundaci\u00f3n para llevarlos a la c\u00e1rcel. Mi idea era armar una biblioteca, pero, al final, no funcion\u00f3, los gendarmes se quedaron con todo, cientos de libros, los \u00fanicos libros que cruzaron obviamente fueron los peores, los que apenas se pod\u00edan leer. Despu\u00e9s de 10 a\u00f1os de voluntariado en la c\u00e1rcel, cuando su nieto sali\u00f3 en libertad, Elena le ofreci\u00f3 irse a vivir con ella. Pero al poco tiempo, \u00e9l empez\u00f3 a robarle cosas de su departamento. Sin otra alternativa, le tuvo que pedir que se fuera. \u201cPara m\u00ed es un tema muy doloroso. La droga lo cambi\u00f3 entero, ahora \u00e9l vive en la calle\u2026 Me pasa que a\u00fan lo busco en las noches, le doy comida, le llevo frazadas, pero \u00e9l me gritonea, me llega a dar susto\u201d. Hace unos d\u00edas, Elena alcanz\u00f3 medio siglo de voluntariado en el Hogar de Cristo. \u201c\u00a1He visto morir a tanta gente pobre! Si te contara las veces que me he tenido que ir a conseguir cajones, no terminar\u00edamos nunca. Han sido 50 a\u00f1os de buscar ata\u00fades para personas que, de muertos, siguen siendo pobres, para qu\u00e9 te sigo contando, en la \u00e9poca de la dictadura fue peor\u201d. -\u00bfPor qu\u00e9? -En esa \u00e9poca se hac\u00eda desaparecer a la gente pobre, los hicieron volar de los lugares p\u00fablicos, porque lo que no se ve, no existe. Entonces no me qued\u00f3 otra que ser una especie de voluntaria clandestina. Como hab\u00eda toque de queda, sal\u00eda con un pa\u00f1uelo blanco a repartir medicinas a los campamentos. Ahora, por lo menos, los pobres pueden ir a la Posta Central. Se puede decir que en algo a cambiado la pobreza en Chile. -\u00bfEn qu\u00e9 ha cambiado? -Ahora es m\u00e1s oculta, menos evidente. Pero siempre se jode primero a las mujeres y a los ni\u00f1os. Por ejemplo, en Renca, hace m\u00e1s de 10 a\u00f1os, a una jovencita le quitaron su guag\u00fcita, se la llevaron al Sename. Despu\u00e9s de ese abuso no volvi\u00f3 a ser la misma, se trastorn\u00f3. T\u00fa la ve\u00edas siempre cargando una mu\u00f1eca, iba para todos lados con ella en brazos, como si fuera su hija. Fue muy injusto porque muchos hombres abusaron de ella, se aprovechaban de que ya no le importaba nada. Por a\u00f1os la fui a ver, debe haber tenido como 25 a\u00f1os. -\u00bfNadie la pudo rescatar? -No, la encontraron muerta\u2026 A\u00fan me pasa que cuando salgo a ruta calle con los del Hogar de Cristo, me imagino verla caminando con su mu\u00f1eca, sentada al lado del kiosco donde se pon\u00eda a llorar la p\u00e9rdida de su guag\u00fcita. En la actualidad, Elena vive de una Pensi\u00f3n B\u00e1sica Solidaria, poco m\u00e1s de cien mil pesos mensuales. Dice que debe elegir entre pagar la micro o comprar sus remedios, as\u00ed de dram\u00e1tico. A ella no le importa. Ahora est\u00e1 preocupada de llegar a los 100 a\u00f1os porque a\u00fan le faltan muchas cosas por hacer en esta vida. Y amable, pese a todas las cosas, nos regala un consejo: \u201cSi la gente est\u00e1 ocupada trabajando todo el d\u00eda para gastar la plata que no consigue, \u00bfc\u00f3mo nos va a quedar tiempo para pensar en los dem\u00e1s?\u201d -\u00bfDe d\u00f3nde sacas tanto aguante? -Del flaco de arriba. Por Mat\u00edas Concha P. Fotograf\u00edas AGENCIA BLACKOUT"},{"@type":"BreadcrumbList","@id":"https:\/\/www.hogardecristo.cl\/match-solidario\/haz-match\/electrodomesticos\/maquina-de-coser-para-gladis\/#breadcrumb","itemListElement":[{"@type":"ListItem","position":1,"name":"Portada","item":"https:\/\/www.hogardecristo.cl\/match-solidario\/"},{"@type":"ListItem","position":2,"name":"M\u00e1quina de coser para Gladis"}]},{"@type":"WebSite","@id":"https:\/\/www.hogardecristo.cl\/match-solidario\/#website","url":"https:\/\/www.hogardecristo.cl\/match-solidario\/","name":"Match Solidario - Hogar de Cristo","description":"","publisher":{"@id":"https:\/\/www.hogardecristo.cl\/match-solidario\/#organization"},"potentialAction":[{"@type":"SearchAction","target":{"@type":"EntryPoint","urlTemplate":"https:\/\/www.hogardecristo.cl\/match-solidario\/?s={search_term_string}"},"query-input":{"@type":"PropertyValueSpecification","valueRequired":true,"valueName":"search_term_string"}}],"inLanguage":"es"},{"@type":"Organization","@id":"https:\/\/www.hogardecristo.cl\/match-solidario\/#organization","name":"Match Solidario","url":"https:\/\/www.hogardecristo.cl\/match-solidario\/","logo":{"@type":"ImageObject","inLanguage":"es","@id":"https:\/\/www.hogardecristo.cl\/match-solidario\/#\/schema\/logo\/image\/","url":"https:\/\/dev-hogardecristo.dpsgo.com\/match-solidario\/wp-content\/uploads\/2025\/11\/logo-match-solidario.jpg","contentUrl":"https:\/\/dev-hogardecristo.dpsgo.com\/match-solidario\/wp-content\/uploads\/2025\/11\/logo-match-solidario.jpg","width":301,"height":104,"caption":"Match Solidario"},"image":{"@id":"https:\/\/www.hogardecristo.cl\/match-solidario\/#\/schema\/logo\/image\/"},"sameAs":["https:\/\/www.facebook.com\/hdecristo","https:\/\/x.com\/hdecristo","https:\/\/www.instagram.com\/hogardecristo_chile\/","https:\/\/www.youtube.com\/user\/Hogardecristo1","https:\/\/www.tiktok.com\/@hogardecristocl"]},{"@type":"Person","@id":"https:\/\/www.hogardecristo.cl\/match-solidario\/#\/schema\/person\/4c55dfb0453dcc13f45fe1b45d255ebc","name":"Melany Reyes","image":{"@type":"ImageObject","inLanguage":"es","@id":"https:\/\/www.hogardecristo.cl\/match-solidario\/#\/schema\/person\/image\/","url":"https:\/\/secure.gravatar.com\/avatar\/7214173126b41d824e1d8859464866ae254caede9eff68022c090a9a4ac70903?s=96&d=mm&r=g","contentUrl":"https:\/\/secure.gravatar.com\/avatar\/7214173126b41d824e1d8859464866ae254caede9eff68022c090a9a4ac70903?s=96&d=mm&r=g","caption":"Melany Reyes"},"url":"https:\/\/www.hogardecristo.cl\/match-solidario\/author\/mreyest\/"}]}},"_links":{"self":[{"href":"https:\/\/www.hogardecristo.cl\/match-solidario\/wp-json\/wp\/v2\/posts\/1750","targetHints":{"allow":["GET"]}}],"collection":[{"href":"https:\/\/www.hogardecristo.cl\/match-solidario\/wp-json\/wp\/v2\/posts"}],"about":[{"href":"https:\/\/www.hogardecristo.cl\/match-solidario\/wp-json\/wp\/v2\/types\/post"}],"author":[{"embeddable":true,"href":"https:\/\/www.hogardecristo.cl\/match-solidario\/wp-json\/wp\/v2\/users\/3"}],"replies":[{"embeddable":true,"href":"https:\/\/www.hogardecristo.cl\/match-solidario\/wp-json\/wp\/v2\/comments?post=1750"}],"version-history":[{"count":1,"href":"https:\/\/www.hogardecristo.cl\/match-solidario\/wp-json\/wp\/v2\/posts\/1750\/revisions"}],"predecessor-version":[{"id":1751,"href":"https:\/\/www.hogardecristo.cl\/match-solidario\/wp-json\/wp\/v2\/posts\/1750\/revisions\/1751"}],"wp:featuredmedia":[{"embeddable":true,"href":"https:\/\/www.hogardecristo.cl\/match-solidario\/wp-json\/wp\/v2\/media\/812"}],"wp:attachment":[{"href":"https:\/\/www.hogardecristo.cl\/match-solidario\/wp-json\/wp\/v2\/media?parent=1750"}],"wp:term":[{"taxonomy":"category","embeddable":true,"href":"https:\/\/www.hogardecristo.cl\/match-solidario\/wp-json\/wp\/v2\/categories?post=1750"},{"taxonomy":"post_tag","embeddable":true,"href":"https:\/\/www.hogardecristo.cl\/match-solidario\/wp-json\/wp\/v2\/tags?post=1750"}],"curies":[{"name":"wp","href":"https:\/\/api.w.org\/{rel}","templated":true}]}}