{"id":1988,"date":"2026-02-23T19:37:08","date_gmt":"2026-02-23T19:37:08","guid":{"rendered":"https:\/\/www.hogardecristo.cl\/match-solidario\/?p=1988"},"modified":"2026-02-23T19:37:08","modified_gmt":"2026-02-23T19:37:08","slug":"mobiliario-para-comunidad","status":"publish","type":"post","link":"https:\/\/www.hogardecristo.cl\/match-solidario\/haz-match\/muebles\/mobiliario-para-comunidad\/","title":{"rendered":"Mobiliario para Comunidad"},"content":{"rendered":"<p>Para garantizar condiciones adecuadas en el desarrollo de actividades en Quintero dirigidas a sus 30 participantes y a la comunidad, se necesita de mobiliario, ya que el disponible no permite asegurar comodidad, accesibilidad ni funcionalidad en todas las instancias formativas y comunitarias.<\/p>\n<p>La incorporaci\u00f3n de mesas y sillas facilitar\u00e1 tanto el trabajo al interior del espacio como las acciones en el territorio, fortaleciendo la inclusi\u00f3n, la organizaci\u00f3n y la calidad de las intervenciones que all\u00ed se realizan.<\/p>\n<p>\u00bfQu\u00e9 se necesita? Aporta lo que puedas:<\/p>\n<p>10 mesas plegables.<br \/>\n30 sillas acolchadas.<\/p>\n","protected":false},"excerpt":{"rendered":"<p>Para garantizar condiciones adecuadas en el desarrollo de actividades en Quintero dirigidas a sus 30 participantes y a la comunidad, se necesita de mobiliario, ya que el disponible no permite asegurar comodidad, accesibilidad ni funcionalidad en todas las instancias formativas y comunitarias. La incorporaci\u00f3n de mesas y sillas facilitar\u00e1 tanto el trabajo al interior del [&hellip;]<\/p>\n","protected":false},"author":3,"featured_media":1800,"comment_status":"open","ping_status":"open","sticky":false,"template":"","format":"standard","meta":{"footnotes":""},"categories":[11,9,10],"tags":[],"class_list":["post-1988","post","type-post","status-publish","format-standard","has-post-thumbnail","hentry","category-equipamiento","category-haz-match","category-muebles"],"acf":[],"yoast_head":"<!-- This site is optimized with the Yoast SEO plugin v26.6 - https:\/\/yoast.com\/wordpress\/plugins\/seo\/ -->\n<title>Mobiliario para Comunidad - Match Solidario<\/title>\n<meta name=\"description\" content=\"Fortalezcamos espacios comunitarios inclusivos en Quintero con mesas y sillas, mejorando la calidad de intervenciones sociales.\" \/>\n<meta name=\"robots\" content=\"index, follow, max-snippet:-1, max-image-preview:large, max-video-preview:-1\" \/>\n<link rel=\"canonical\" href=\"https:\/\/www.hogardecristo.cl\/match-solidario\/haz-match\/muebles\/mobiliario-para-comunidad\/\" \/>\n<meta property=\"og:locale\" content=\"es_ES\" \/>\n<meta property=\"og:type\" content=\"article\" \/>\n<meta property=\"og:title\" content=\"Mobiliario para Comunidad - Match Solidario\" \/>\n<meta property=\"og:description\" content=\"Fortalezcamos espacios comunitarios inclusivos en Quintero con mesas y sillas, mejorando la calidad de intervenciones sociales.\" \/>\n<meta property=\"og:url\" content=\"https:\/\/www.hogardecristo.cl\/match-solidario\/haz-match\/muebles\/mobiliario-para-comunidad\/\" \/>\n<meta property=\"og:site_name\" content=\"Match Solidario\" \/>\n<meta property=\"article:publisher\" content=\"https:\/\/www.facebook.com\/hdecristo\" \/>\n<meta property=\"article:published_time\" content=\"2026-02-23T19:37:08+00:00\" \/>\n<meta property=\"og:image\" content=\"https:\/\/www.hogardecristo.cl\/match-solidario\/wp-content\/uploads\/2026\/01\/AL7A7761-scaled.jpg\" \/>\n\t<meta property=\"og:image:width\" content=\"2560\" \/>\n\t<meta property=\"og:image:height\" content=\"1707\" \/>\n\t<meta property=\"og:image:type\" content=\"image\/jpeg\" \/>\n<meta name=\"author\" content=\"Melany Reyes\" \/>\n<meta name=\"twitter:card\" content=\"summary_large_image\" \/>\n<meta name=\"twitter:creator\" content=\"@hdecristo\" \/>\n<meta name=\"twitter:site\" content=\"@hdecristo\" \/>\n<meta name=\"twitter:label1\" content=\"Escrito por\" \/>\n\t<meta name=\"twitter:data1\" content=\"Melany Reyes\" \/>\n\t<meta name=\"twitter:label2\" content=\"Tiempo de lectura\" \/>\n\t<meta name=\"twitter:data2\" content=\"1 minuto\" \/>\n<script type=\"application\/ld+json\" class=\"yoast-schema-graph\">{\"@context\":\"https:\/\/schema.org\",\"@graph\":[{\"@type\":\"Article\",\"@id\":\"https:\/\/www.hogardecristo.cl\/match-solidario\/haz-match\/muebles\/mobiliario-para-comunidad\/#article\",\"isPartOf\":{\"@id\":\"https:\/\/www.hogardecristo.cl\/match-solidario\/haz-match\/muebles\/mobiliario-para-comunidad\/\"},\"author\":{\"name\":\"Melany Reyes\",\"@id\":\"https:\/\/www.hogardecristo.cl\/match-solidario\/#\/schema\/person\/4c55dfb0453dcc13f45fe1b45d255ebc\"},\"headline\":\"Mobiliario para Comunidad\",\"datePublished\":\"2026-02-23T19:37:08+00:00\",\"mainEntityOfPage\":{\"@id\":\"https:\/\/www.hogardecristo.cl\/match-solidario\/haz-match\/muebles\/mobiliario-para-comunidad\/\"},\"wordCount\":93,\"commentCount\":0,\"publisher\":{\"@id\":\"https:\/\/www.hogardecristo.cl\/match-solidario\/#organization\"},\"image\":{\"@id\":\"https:\/\/www.hogardecristo.cl\/match-solidario\/haz-match\/muebles\/mobiliario-para-comunidad\/#primaryimage\"},\"thumbnailUrl\":\"https:\/\/www.hogardecristo.cl\/match-solidario\/wp-content\/uploads\/2026\/01\/AL7A7761-scaled.jpg\",\"articleSection\":[\"Equipamiento\",\"Haz Match\",\"Muebles\"],\"inLanguage\":\"es\",\"potentialAction\":[{\"@type\":\"CommentAction\",\"name\":\"Comment\",\"target\":[\"https:\/\/www.hogardecristo.cl\/match-solidario\/haz-match\/muebles\/mobiliario-para-comunidad\/#respond\"]}]},{\"@type\":\"WebPage\",\"@id\":\"https:\/\/www.hogardecristo.cl\/match-solidario\/haz-match\/muebles\/mobiliario-para-comunidad\/\",\"url\":\"https:\/\/www.hogardecristo.cl\/match-solidario\/haz-match\/muebles\/mobiliario-para-comunidad\/\",\"name\":\"Mobiliario para Comunidad - Match Solidario\",\"isPartOf\":{\"@id\":\"https:\/\/www.hogardecristo.cl\/match-solidario\/#website\"},\"primaryImageOfPage\":{\"@id\":\"https:\/\/www.hogardecristo.cl\/match-solidario\/haz-match\/muebles\/mobiliario-para-comunidad\/#primaryimage\"},\"image\":{\"@id\":\"https:\/\/www.hogardecristo.cl\/match-solidario\/haz-match\/muebles\/mobiliario-para-comunidad\/#primaryimage\"},\"thumbnailUrl\":\"https:\/\/www.hogardecristo.cl\/match-solidario\/wp-content\/uploads\/2026\/01\/AL7A7761-scaled.jpg\",\"datePublished\":\"2026-02-23T19:37:08+00:00\",\"description\":\"Fortalezcamos espacios comunitarios inclusivos en Quintero con mesas y sillas, mejorando la calidad de intervenciones sociales.\",\"breadcrumb\":{\"@id\":\"https:\/\/www.hogardecristo.cl\/match-solidario\/haz-match\/muebles\/mobiliario-para-comunidad\/#breadcrumb\"},\"inLanguage\":\"es\",\"potentialAction\":[{\"@type\":\"ReadAction\",\"target\":[\"https:\/\/www.hogardecristo.cl\/match-solidario\/haz-match\/muebles\/mobiliario-para-comunidad\/\"]}]},{\"@type\":\"ImageObject\",\"inLanguage\":\"es\",\"@id\":\"https:\/\/www.hogardecristo.cl\/match-solidario\/haz-match\/muebles\/mobiliario-para-comunidad\/#primaryimage\",\"url\":\"https:\/\/www.hogardecristo.cl\/match-solidario\/wp-content\/uploads\/2026\/01\/AL7A7761-scaled.jpg\",\"contentUrl\":\"https:\/\/www.hogardecristo.cl\/match-solidario\/wp-content\/uploads\/2026\/01\/AL7A7761-scaled.jpg\",\"width\":2560,\"height\":1707,\"caption\":\"Santiago, 30.07.25. HOGAR DE CRISTO EN LA NOCHE DEL ENCUENTRO Por segundo a\u00f1o consecutivo, Juntos en la Calle, la Corporaci\u00f3n 3xi y la CPC, convocaron a La Noche del Encuentro. Una trescientas personas se congregaron en la sede central de la Universidad San Sebasti\u00e1n en Bellavista con P\u00edo Nono. Desde all\u00ed, en peque\u00f1os grupos, salieron a recorrer distintos puntos de la ciudad para conocer a quienes viven en situaci\u00f3n de calle. Hogar de Cristo, tal cual en 2024, aport\u00f3 con su conocimiento de los lugares donde habitualmente equipos expertos atienden a personas en sus rucos. Adem\u00e1s, se incluy\u00f3 hospeder\u00edas, albergues, centros abiertos, casas de acogida. El recorrido que registramos corresponde al que hace la oeneg\u00e9 Hijos de la Calle, que se sit\u00faa en Renca. Antes de salir al encuentro de los m\u00e1s desvalidos entre los desvalidos, hubo din\u00e1micas sensibilizadoras, organizaci\u00f3n de grupos y emocionantes testimonios de personas que han dejado la calle atr\u00e1s, de expertos en el tema y de trabajadores de las distintas organizaciones que se dedican a apoyar a este grupo poblacional que merece atenci\u00f3n y mucho m\u00e1s que simple caridad. AGENCIA BLACKOUT\"},{\"@type\":\"BreadcrumbList\",\"@id\":\"https:\/\/www.hogardecristo.cl\/match-solidario\/haz-match\/muebles\/mobiliario-para-comunidad\/#breadcrumb\",\"itemListElement\":[{\"@type\":\"ListItem\",\"position\":1,\"name\":\"Portada\",\"item\":\"https:\/\/www.hogardecristo.cl\/match-solidario\/\"},{\"@type\":\"ListItem\",\"position\":2,\"name\":\"Mobiliario para Comunidad\"}]},{\"@type\":\"WebSite\",\"@id\":\"https:\/\/www.hogardecristo.cl\/match-solidario\/#website\",\"url\":\"https:\/\/www.hogardecristo.cl\/match-solidario\/\",\"name\":\"Match Solidario - Hogar de Cristo\",\"description\":\"\",\"publisher\":{\"@id\":\"https:\/\/www.hogardecristo.cl\/match-solidario\/#organization\"},\"potentialAction\":[{\"@type\":\"SearchAction\",\"target\":{\"@type\":\"EntryPoint\",\"urlTemplate\":\"https:\/\/www.hogardecristo.cl\/match-solidario\/?s={search_term_string}\"},\"query-input\":{\"@type\":\"PropertyValueSpecification\",\"valueRequired\":true,\"valueName\":\"search_term_string\"}}],\"inLanguage\":\"es\"},{\"@type\":\"Organization\",\"@id\":\"https:\/\/www.hogardecristo.cl\/match-solidario\/#organization\",\"name\":\"Match Solidario\",\"url\":\"https:\/\/www.hogardecristo.cl\/match-solidario\/\",\"logo\":{\"@type\":\"ImageObject\",\"inLanguage\":\"es\",\"@id\":\"https:\/\/www.hogardecristo.cl\/match-solidario\/#\/schema\/logo\/image\/\",\"url\":\"https:\/\/dev-hogardecristo.dpsgo.com\/match-solidario\/wp-content\/uploads\/2025\/11\/logo-match-solidario.jpg\",\"contentUrl\":\"https:\/\/dev-hogardecristo.dpsgo.com\/match-solidario\/wp-content\/uploads\/2025\/11\/logo-match-solidario.jpg\",\"width\":301,\"height\":104,\"caption\":\"Match Solidario\"},\"image\":{\"@id\":\"https:\/\/www.hogardecristo.cl\/match-solidario\/#\/schema\/logo\/image\/\"},\"sameAs\":[\"https:\/\/www.facebook.com\/hdecristo\",\"https:\/\/x.com\/hdecristo\",\"https:\/\/www.instagram.com\/hogardecristo_chile\/\",\"https:\/\/www.youtube.com\/user\/Hogardecristo1\",\"https:\/\/www.tiktok.com\/@hogardecristocl\"]},{\"@type\":\"Person\",\"@id\":\"https:\/\/www.hogardecristo.cl\/match-solidario\/#\/schema\/person\/4c55dfb0453dcc13f45fe1b45d255ebc\",\"name\":\"Melany Reyes\",\"image\":{\"@type\":\"ImageObject\",\"inLanguage\":\"es\",\"@id\":\"https:\/\/www.hogardecristo.cl\/match-solidario\/#\/schema\/person\/image\/\",\"url\":\"https:\/\/secure.gravatar.com\/avatar\/7214173126b41d824e1d8859464866ae254caede9eff68022c090a9a4ac70903?s=96&d=mm&r=g\",\"contentUrl\":\"https:\/\/secure.gravatar.com\/avatar\/7214173126b41d824e1d8859464866ae254caede9eff68022c090a9a4ac70903?s=96&d=mm&r=g\",\"caption\":\"Melany Reyes\"},\"url\":\"https:\/\/www.hogardecristo.cl\/match-solidario\/author\/mreyest\/\"}]}<\/script>\n<!-- \/ Yoast SEO plugin. -->","yoast_head_json":{"title":"Mobiliario para Comunidad - Match Solidario","description":"Fortalezcamos espacios comunitarios inclusivos en Quintero con mesas y sillas, mejorando la calidad de intervenciones sociales.","robots":{"index":"index","follow":"follow","max-snippet":"max-snippet:-1","max-image-preview":"max-image-preview:large","max-video-preview":"max-video-preview:-1"},"canonical":"https:\/\/www.hogardecristo.cl\/match-solidario\/haz-match\/muebles\/mobiliario-para-comunidad\/","og_locale":"es_ES","og_type":"article","og_title":"Mobiliario para Comunidad - Match Solidario","og_description":"Fortalezcamos espacios comunitarios inclusivos en Quintero con mesas y sillas, mejorando la calidad de intervenciones sociales.","og_url":"https:\/\/www.hogardecristo.cl\/match-solidario\/haz-match\/muebles\/mobiliario-para-comunidad\/","og_site_name":"Match Solidario","article_publisher":"https:\/\/www.facebook.com\/hdecristo","article_published_time":"2026-02-23T19:37:08+00:00","og_image":[{"width":2560,"height":1707,"url":"https:\/\/www.hogardecristo.cl\/match-solidario\/wp-content\/uploads\/2026\/01\/AL7A7761-scaled.jpg","type":"image\/jpeg"}],"author":"Melany Reyes","twitter_card":"summary_large_image","twitter_creator":"@hdecristo","twitter_site":"@hdecristo","twitter_misc":{"Escrito por":"Melany Reyes","Tiempo de lectura":"1 minuto"},"schema":{"@context":"https:\/\/schema.org","@graph":[{"@type":"Article","@id":"https:\/\/www.hogardecristo.cl\/match-solidario\/haz-match\/muebles\/mobiliario-para-comunidad\/#article","isPartOf":{"@id":"https:\/\/www.hogardecristo.cl\/match-solidario\/haz-match\/muebles\/mobiliario-para-comunidad\/"},"author":{"name":"Melany Reyes","@id":"https:\/\/www.hogardecristo.cl\/match-solidario\/#\/schema\/person\/4c55dfb0453dcc13f45fe1b45d255ebc"},"headline":"Mobiliario para Comunidad","datePublished":"2026-02-23T19:37:08+00:00","mainEntityOfPage":{"@id":"https:\/\/www.hogardecristo.cl\/match-solidario\/haz-match\/muebles\/mobiliario-para-comunidad\/"},"wordCount":93,"commentCount":0,"publisher":{"@id":"https:\/\/www.hogardecristo.cl\/match-solidario\/#organization"},"image":{"@id":"https:\/\/www.hogardecristo.cl\/match-solidario\/haz-match\/muebles\/mobiliario-para-comunidad\/#primaryimage"},"thumbnailUrl":"https:\/\/www.hogardecristo.cl\/match-solidario\/wp-content\/uploads\/2026\/01\/AL7A7761-scaled.jpg","articleSection":["Equipamiento","Haz Match","Muebles"],"inLanguage":"es","potentialAction":[{"@type":"CommentAction","name":"Comment","target":["https:\/\/www.hogardecristo.cl\/match-solidario\/haz-match\/muebles\/mobiliario-para-comunidad\/#respond"]}]},{"@type":"WebPage","@id":"https:\/\/www.hogardecristo.cl\/match-solidario\/haz-match\/muebles\/mobiliario-para-comunidad\/","url":"https:\/\/www.hogardecristo.cl\/match-solidario\/haz-match\/muebles\/mobiliario-para-comunidad\/","name":"Mobiliario para Comunidad - Match Solidario","isPartOf":{"@id":"https:\/\/www.hogardecristo.cl\/match-solidario\/#website"},"primaryImageOfPage":{"@id":"https:\/\/www.hogardecristo.cl\/match-solidario\/haz-match\/muebles\/mobiliario-para-comunidad\/#primaryimage"},"image":{"@id":"https:\/\/www.hogardecristo.cl\/match-solidario\/haz-match\/muebles\/mobiliario-para-comunidad\/#primaryimage"},"thumbnailUrl":"https:\/\/www.hogardecristo.cl\/match-solidario\/wp-content\/uploads\/2026\/01\/AL7A7761-scaled.jpg","datePublished":"2026-02-23T19:37:08+00:00","description":"Fortalezcamos espacios comunitarios inclusivos en Quintero con mesas y sillas, mejorando la calidad de intervenciones sociales.","breadcrumb":{"@id":"https:\/\/www.hogardecristo.cl\/match-solidario\/haz-match\/muebles\/mobiliario-para-comunidad\/#breadcrumb"},"inLanguage":"es","potentialAction":[{"@type":"ReadAction","target":["https:\/\/www.hogardecristo.cl\/match-solidario\/haz-match\/muebles\/mobiliario-para-comunidad\/"]}]},{"@type":"ImageObject","inLanguage":"es","@id":"https:\/\/www.hogardecristo.cl\/match-solidario\/haz-match\/muebles\/mobiliario-para-comunidad\/#primaryimage","url":"https:\/\/www.hogardecristo.cl\/match-solidario\/wp-content\/uploads\/2026\/01\/AL7A7761-scaled.jpg","contentUrl":"https:\/\/www.hogardecristo.cl\/match-solidario\/wp-content\/uploads\/2026\/01\/AL7A7761-scaled.jpg","width":2560,"height":1707,"caption":"Santiago, 30.07.25. HOGAR DE CRISTO EN LA NOCHE DEL ENCUENTRO Por segundo a\u00f1o consecutivo, Juntos en la Calle, la Corporaci\u00f3n 3xi y la CPC, convocaron a La Noche del Encuentro. Una trescientas personas se congregaron en la sede central de la Universidad San Sebasti\u00e1n en Bellavista con P\u00edo Nono. Desde all\u00ed, en peque\u00f1os grupos, salieron a recorrer distintos puntos de la ciudad para conocer a quienes viven en situaci\u00f3n de calle. Hogar de Cristo, tal cual en 2024, aport\u00f3 con su conocimiento de los lugares donde habitualmente equipos expertos atienden a personas en sus rucos. Adem\u00e1s, se incluy\u00f3 hospeder\u00edas, albergues, centros abiertos, casas de acogida. El recorrido que registramos corresponde al que hace la oeneg\u00e9 Hijos de la Calle, que se sit\u00faa en Renca. Antes de salir al encuentro de los m\u00e1s desvalidos entre los desvalidos, hubo din\u00e1micas sensibilizadoras, organizaci\u00f3n de grupos y emocionantes testimonios de personas que han dejado la calle atr\u00e1s, de expertos en el tema y de trabajadores de las distintas organizaciones que se dedican a apoyar a este grupo poblacional que merece atenci\u00f3n y mucho m\u00e1s que simple caridad. AGENCIA BLACKOUT"},{"@type":"BreadcrumbList","@id":"https:\/\/www.hogardecristo.cl\/match-solidario\/haz-match\/muebles\/mobiliario-para-comunidad\/#breadcrumb","itemListElement":[{"@type":"ListItem","position":1,"name":"Portada","item":"https:\/\/www.hogardecristo.cl\/match-solidario\/"},{"@type":"ListItem","position":2,"name":"Mobiliario para Comunidad"}]},{"@type":"WebSite","@id":"https:\/\/www.hogardecristo.cl\/match-solidario\/#website","url":"https:\/\/www.hogardecristo.cl\/match-solidario\/","name":"Match Solidario - Hogar de Cristo","description":"","publisher":{"@id":"https:\/\/www.hogardecristo.cl\/match-solidario\/#organization"},"potentialAction":[{"@type":"SearchAction","target":{"@type":"EntryPoint","urlTemplate":"https:\/\/www.hogardecristo.cl\/match-solidario\/?s={search_term_string}"},"query-input":{"@type":"PropertyValueSpecification","valueRequired":true,"valueName":"search_term_string"}}],"inLanguage":"es"},{"@type":"Organization","@id":"https:\/\/www.hogardecristo.cl\/match-solidario\/#organization","name":"Match Solidario","url":"https:\/\/www.hogardecristo.cl\/match-solidario\/","logo":{"@type":"ImageObject","inLanguage":"es","@id":"https:\/\/www.hogardecristo.cl\/match-solidario\/#\/schema\/logo\/image\/","url":"https:\/\/dev-hogardecristo.dpsgo.com\/match-solidario\/wp-content\/uploads\/2025\/11\/logo-match-solidario.jpg","contentUrl":"https:\/\/dev-hogardecristo.dpsgo.com\/match-solidario\/wp-content\/uploads\/2025\/11\/logo-match-solidario.jpg","width":301,"height":104,"caption":"Match Solidario"},"image":{"@id":"https:\/\/www.hogardecristo.cl\/match-solidario\/#\/schema\/logo\/image\/"},"sameAs":["https:\/\/www.facebook.com\/hdecristo","https:\/\/x.com\/hdecristo","https:\/\/www.instagram.com\/hogardecristo_chile\/","https:\/\/www.youtube.com\/user\/Hogardecristo1","https:\/\/www.tiktok.com\/@hogardecristocl"]},{"@type":"Person","@id":"https:\/\/www.hogardecristo.cl\/match-solidario\/#\/schema\/person\/4c55dfb0453dcc13f45fe1b45d255ebc","name":"Melany Reyes","image":{"@type":"ImageObject","inLanguage":"es","@id":"https:\/\/www.hogardecristo.cl\/match-solidario\/#\/schema\/person\/image\/","url":"https:\/\/secure.gravatar.com\/avatar\/7214173126b41d824e1d8859464866ae254caede9eff68022c090a9a4ac70903?s=96&d=mm&r=g","contentUrl":"https:\/\/secure.gravatar.com\/avatar\/7214173126b41d824e1d8859464866ae254caede9eff68022c090a9a4ac70903?s=96&d=mm&r=g","caption":"Melany Reyes"},"url":"https:\/\/www.hogardecristo.cl\/match-solidario\/author\/mreyest\/"}]}},"_links":{"self":[{"href":"https:\/\/www.hogardecristo.cl\/match-solidario\/wp-json\/wp\/v2\/posts\/1988","targetHints":{"allow":["GET"]}}],"collection":[{"href":"https:\/\/www.hogardecristo.cl\/match-solidario\/wp-json\/wp\/v2\/posts"}],"about":[{"href":"https:\/\/www.hogardecristo.cl\/match-solidario\/wp-json\/wp\/v2\/types\/post"}],"author":[{"embeddable":true,"href":"https:\/\/www.hogardecristo.cl\/match-solidario\/wp-json\/wp\/v2\/users\/3"}],"replies":[{"embeddable":true,"href":"https:\/\/www.hogardecristo.cl\/match-solidario\/wp-json\/wp\/v2\/comments?post=1988"}],"version-history":[{"count":1,"href":"https:\/\/www.hogardecristo.cl\/match-solidario\/wp-json\/wp\/v2\/posts\/1988\/revisions"}],"predecessor-version":[{"id":1989,"href":"https:\/\/www.hogardecristo.cl\/match-solidario\/wp-json\/wp\/v2\/posts\/1988\/revisions\/1989"}],"wp:featuredmedia":[{"embeddable":true,"href":"https:\/\/www.hogardecristo.cl\/match-solidario\/wp-json\/wp\/v2\/media\/1800"}],"wp:attachment":[{"href":"https:\/\/www.hogardecristo.cl\/match-solidario\/wp-json\/wp\/v2\/media?parent=1988"}],"wp:term":[{"taxonomy":"category","embeddable":true,"href":"https:\/\/www.hogardecristo.cl\/match-solidario\/wp-json\/wp\/v2\/categories?post=1988"},{"taxonomy":"post_tag","embeddable":true,"href":"https:\/\/www.hogardecristo.cl\/match-solidario\/wp-json\/wp\/v2\/tags?post=1988"}],"curies":[{"name":"wp","href":"https:\/\/api.w.org\/{rel}","templated":true}]}}