{"id":3072,"date":"2026-08-18T16:54:52","date_gmt":"2026-08-18T16:54:52","guid":{"rendered":"https:\/\/www.hogardecristo.cl\/match-solidario\/?p=3072"},"modified":"2026-08-25T14:38:47","modified_gmt":"2026-08-25T14:38:47","slug":"un-18-en-comunidad","status":"publish","type":"post","link":"https:\/\/www.hogardecristo.cl\/match-solidario\/haz-match\/un-18-en-comunidad\/","title":{"rendered":"\u00a1Un 18 en comunidad!"},"content":{"rendered":"<p class=\"isSelectedEnd\">La Hospeder\u00eda de Castro, en Chilo\u00e9, busca celebrar las fiestas patrias del 18 de septiembre junto a 21 personas participantes que viven en situaci\u00f3n de calle, generando un espacio de encuentro, recreaci\u00f3n y participaci\u00f3n comunitaria. Como parte de esta tradici\u00f3n, se realizar\u00e1 una parrillada que permitir\u00e1 compartir historias, experiencias y momentos significativos en un ambiente acogedor.<\/p>\n<p class=\"isSelectedEnd\">Esta actividad busca fortalecer los v\u00ednculos y el sentido de pertenencia, reconociendo el derecho de todas las personas a participar de espacios recreativos y comunitarios. La iniciativa <strong>protege<\/strong> el bienestar y la convivencia, <strong>incluye<\/strong> a las personas participantes en una celebraci\u00f3n comunitaria y <strong>apoya<\/strong> la generaci\u00f3n de v\u00ednculos significativos.<\/p>\n<p class=\"isSelectedEnd\"><strong>\u00bfQu\u00e9 se necesita? Aporta lo que puedas:<\/strong><\/p>\n<ul data-spread=\"false\">\n<li>25 chuletas.<\/li>\n<li>25 trutos de pollo.<\/li>\n<li>1 paquete de salchichas de 20 unidades.<\/li>\n<li>2 paquetes de chorizos.<\/li>\n<li>15 litros de bebidas o jugos.<\/li>\n<\/ul>\n","protected":false},"excerpt":{"rendered":"<p>La Hospeder\u00eda de Castro, en Chilo\u00e9, busca celebrar las fiestas patrias del 18 de septiembre junto a 21 personas participantes que viven en situaci\u00f3n de calle, generando un espacio de encuentro, recreaci\u00f3n y participaci\u00f3n comunitaria. Como parte de esta tradici\u00f3n, se realizar\u00e1 una parrillada que permitir\u00e1 compartir historias, experiencias y momentos significativos en un ambiente [&hellip;]<\/p>\n","protected":false},"author":3,"featured_media":2926,"comment_status":"open","ping_status":"open","sticky":false,"template":"","format":"standard","meta":{"_acf_changed":false,"footnotes":""},"categories":[20,9],"tags":[],"class_list":["post-3072","post","type-post","status-publish","format-standard","has-post-thumbnail","hentry","category-alimentacion","category-haz-match"],"acf":[],"yoast_head":"<!-- This site is optimized with the Yoast SEO plugin v27.8 - https:\/\/yoast.com\/product\/yoast-seo-wordpress\/ -->\n<title>\u00a1Un 18 en comunidad! - Match Solidario<\/title>\n<meta name=\"description\" content=\"Apoya una celebraci\u00f3n de Fiestas Patrias para 21 participantes de la Hospeder\u00eda de Castro, fortaleciendo la comunidad y encuentro.\" \/>\n<meta name=\"robots\" content=\"index, follow, max-snippet:-1, max-image-preview:large, max-video-preview:-1\" \/>\n<link rel=\"canonical\" href=\"https:\/\/www.hogardecristo.cl\/match-solidario\/haz-match\/un-18-en-comunidad\/\" \/>\n<meta property=\"og:locale\" content=\"es_ES\" \/>\n<meta property=\"og:type\" content=\"article\" \/>\n<meta property=\"og:title\" content=\"\u00a1Un 18 en comunidad! - Match Solidario\" \/>\n<meta property=\"og:description\" content=\"Apoya una celebraci\u00f3n de Fiestas Patrias para 21 participantes de la Hospeder\u00eda de Castro, fortaleciendo la comunidad y encuentro.\" \/>\n<meta property=\"og:url\" content=\"https:\/\/www.hogardecristo.cl\/match-solidario\/haz-match\/un-18-en-comunidad\/\" \/>\n<meta property=\"og:site_name\" content=\"Match Solidario\" \/>\n<meta property=\"article:publisher\" content=\"https:\/\/www.facebook.com\/hdecristo\" \/>\n<meta property=\"article:published_time\" content=\"2026-08-18T16:54:52+00:00\" \/>\n<meta property=\"article:modified_time\" content=\"2026-08-25T14:38:47+00:00\" \/>\n<meta property=\"og:image\" content=\"https:\/\/www.hogardecristo.cl\/match-solidario\/wp-content\/uploads\/2026\/07\/AL7A8744-scaled.jpg\" \/>\n\t<meta property=\"og:image:width\" content=\"2560\" \/>\n\t<meta property=\"og:image:height\" content=\"1707\" \/>\n\t<meta property=\"og:image:type\" content=\"image\/jpeg\" \/>\n<meta name=\"author\" content=\"Melany Reyes\" \/>\n<meta name=\"twitter:card\" content=\"summary_large_image\" \/>\n<meta name=\"twitter:creator\" content=\"@hdecristo\" \/>\n<meta name=\"twitter:site\" content=\"@hdecristo\" \/>\n<meta name=\"twitter:label1\" content=\"Escrito por\" \/>\n\t<meta name=\"twitter:data1\" content=\"Melany Reyes\" \/>\n\t<meta name=\"twitter:label2\" content=\"Tiempo de lectura\" \/>\n\t<meta name=\"twitter:data2\" content=\"1 minuto\" \/>\n<script type=\"application\/ld+json\" class=\"yoast-schema-graph\">{\"@context\":\"https:\\\/\\\/schema.org\",\"@graph\":[{\"@type\":\"Article\",\"@id\":\"https:\\\/\\\/www.hogardecristo.cl\\\/match-solidario\\\/haz-match\\\/un-18-en-comunidad\\\/#article\",\"isPartOf\":{\"@id\":\"https:\\\/\\\/www.hogardecristo.cl\\\/match-solidario\\\/haz-match\\\/un-18-en-comunidad\\\/\"},\"author\":{\"name\":\"Melany Reyes\",\"@id\":\"https:\\\/\\\/www.hogardecristo.cl\\\/match-solidario\\\/#\\\/schema\\\/person\\\/4c55dfb0453dcc13f45fe1b45d255ebc\"},\"headline\":\"\u00a1Un 18 en comunidad!\",\"datePublished\":\"2026-08-18T16:54:52+00:00\",\"dateModified\":\"2026-08-25T14:38:47+00:00\",\"mainEntityOfPage\":{\"@id\":\"https:\\\/\\\/www.hogardecristo.cl\\\/match-solidario\\\/haz-match\\\/un-18-en-comunidad\\\/\"},\"wordCount\":139,\"commentCount\":0,\"publisher\":{\"@id\":\"https:\\\/\\\/www.hogardecristo.cl\\\/match-solidario\\\/#organization\"},\"image\":{\"@id\":\"https:\\\/\\\/www.hogardecristo.cl\\\/match-solidario\\\/haz-match\\\/un-18-en-comunidad\\\/#primaryimage\"},\"thumbnailUrl\":\"https:\\\/\\\/www.hogardecristo.cl\\\/match-solidario\\\/wp-content\\\/uploads\\\/2026\\\/07\\\/AL7A8744-scaled.jpg\",\"articleSection\":[\"Alimentaci\u00f3n\",\"Haz Match\"],\"inLanguage\":\"es\",\"potentialAction\":[{\"@type\":\"CommentAction\",\"name\":\"Comment\",\"target\":[\"https:\\\/\\\/www.hogardecristo.cl\\\/match-solidario\\\/haz-match\\\/un-18-en-comunidad\\\/#respond\"]}]},{\"@type\":\"WebPage\",\"@id\":\"https:\\\/\\\/www.hogardecristo.cl\\\/match-solidario\\\/haz-match\\\/un-18-en-comunidad\\\/\",\"url\":\"https:\\\/\\\/www.hogardecristo.cl\\\/match-solidario\\\/haz-match\\\/un-18-en-comunidad\\\/\",\"name\":\"\u00a1Un 18 en comunidad! - Match Solidario\",\"isPartOf\":{\"@id\":\"https:\\\/\\\/www.hogardecristo.cl\\\/match-solidario\\\/#website\"},\"primaryImageOfPage\":{\"@id\":\"https:\\\/\\\/www.hogardecristo.cl\\\/match-solidario\\\/haz-match\\\/un-18-en-comunidad\\\/#primaryimage\"},\"image\":{\"@id\":\"https:\\\/\\\/www.hogardecristo.cl\\\/match-solidario\\\/haz-match\\\/un-18-en-comunidad\\\/#primaryimage\"},\"thumbnailUrl\":\"https:\\\/\\\/www.hogardecristo.cl\\\/match-solidario\\\/wp-content\\\/uploads\\\/2026\\\/07\\\/AL7A8744-scaled.jpg\",\"datePublished\":\"2026-08-18T16:54:52+00:00\",\"dateModified\":\"2026-08-25T14:38:47+00:00\",\"description\":\"Apoya una celebraci\u00f3n de Fiestas Patrias para 21 participantes de la Hospeder\u00eda de Castro, fortaleciendo la comunidad y encuentro.\",\"breadcrumb\":{\"@id\":\"https:\\\/\\\/www.hogardecristo.cl\\\/match-solidario\\\/haz-match\\\/un-18-en-comunidad\\\/#breadcrumb\"},\"inLanguage\":\"es\",\"potentialAction\":[{\"@type\":\"ReadAction\",\"target\":[\"https:\\\/\\\/www.hogardecristo.cl\\\/match-solidario\\\/haz-match\\\/un-18-en-comunidad\\\/\"]}]},{\"@type\":\"ImageObject\",\"inLanguage\":\"es\",\"@id\":\"https:\\\/\\\/www.hogardecristo.cl\\\/match-solidario\\\/haz-match\\\/un-18-en-comunidad\\\/#primaryimage\",\"url\":\"https:\\\/\\\/www.hogardecristo.cl\\\/match-solidario\\\/wp-content\\\/uploads\\\/2026\\\/07\\\/AL7A8744-scaled.jpg\",\"contentUrl\":\"https:\\\/\\\/www.hogardecristo.cl\\\/match-solidario\\\/wp-content\\\/uploads\\\/2026\\\/07\\\/AL7A8744-scaled.jpg\",\"width\":2560,\"height\":1707,\"caption\":\"Santiago, 04.09.25. El Programa Ambulatorio para Personas Mayores de Estaci\u00f3n Central celebr\u00f3 su fonda \u201cViejito Bueno, Viejitos Dicharacheros\u201d, reuniendo a sus participantes junto a programas vecinos del Hogar de Cristo. El evento estuvo lleno de m\u00fasica y alegr\u00eda con el grupo Killari, la Escuela de Adiestramiento Canino de Carabineros, y tributos a Luciano Pereyra, Los Ramblers y Am\u00e9rico. Uno de los momentos m\u00e1s aplaudidos fue la presentaci\u00f3n de Florencia, quien interpret\u00f3 un extracto del Lago de los Cisnes y un emotivo baile a la bandera. No faltaron las empanadas, la chicha y los jugos, adem\u00e1s de un almuerzo preparado con cari\u00f1o por los voluntarios, que cerr\u00f3 la jornada con sabor y comunidad. AGENCIA BLACKOUT\"},{\"@type\":\"BreadcrumbList\",\"@id\":\"https:\\\/\\\/www.hogardecristo.cl\\\/match-solidario\\\/haz-match\\\/un-18-en-comunidad\\\/#breadcrumb\",\"itemListElement\":[{\"@type\":\"ListItem\",\"position\":1,\"name\":\"Portada\",\"item\":\"https:\\\/\\\/www.hogardecristo.cl\\\/match-solidario\\\/\"},{\"@type\":\"ListItem\",\"position\":2,\"name\":\"\u00a1Un 18 en comunidad!\"}]},{\"@type\":\"WebSite\",\"@id\":\"https:\\\/\\\/www.hogardecristo.cl\\\/match-solidario\\\/#website\",\"url\":\"https:\\\/\\\/www.hogardecristo.cl\\\/match-solidario\\\/\",\"name\":\"Match Solidario - Hogar de Cristo\",\"description\":\"\",\"publisher\":{\"@id\":\"https:\\\/\\\/www.hogardecristo.cl\\\/match-solidario\\\/#organization\"},\"potentialAction\":[{\"@type\":\"SearchAction\",\"target\":{\"@type\":\"EntryPoint\",\"urlTemplate\":\"https:\\\/\\\/www.hogardecristo.cl\\\/match-solidario\\\/?s={search_term_string}\"},\"query-input\":{\"@type\":\"PropertyValueSpecification\",\"valueRequired\":true,\"valueName\":\"search_term_string\"}}],\"inLanguage\":\"es\"},{\"@type\":\"Organization\",\"@id\":\"https:\\\/\\\/www.hogardecristo.cl\\\/match-solidario\\\/#organization\",\"name\":\"Match Solidario\",\"url\":\"https:\\\/\\\/www.hogardecristo.cl\\\/match-solidario\\\/\",\"logo\":{\"@type\":\"ImageObject\",\"inLanguage\":\"es\",\"@id\":\"https:\\\/\\\/www.hogardecristo.cl\\\/match-solidario\\\/#\\\/schema\\\/logo\\\/image\\\/\",\"url\":\"https:\\\/\\\/dev-hogardecristo.dpsgo.com\\\/match-solidario\\\/wp-content\\\/uploads\\\/2025\\\/11\\\/logo-match-solidario.jpg\",\"contentUrl\":\"https:\\\/\\\/dev-hogardecristo.dpsgo.com\\\/match-solidario\\\/wp-content\\\/uploads\\\/2025\\\/11\\\/logo-match-solidario.jpg\",\"width\":301,\"height\":104,\"caption\":\"Match Solidario\"},\"image\":{\"@id\":\"https:\\\/\\\/www.hogardecristo.cl\\\/match-solidario\\\/#\\\/schema\\\/logo\\\/image\\\/\"},\"sameAs\":[\"https:\\\/\\\/www.facebook.com\\\/hdecristo\",\"https:\\\/\\\/x.com\\\/hdecristo\",\"https:\\\/\\\/www.instagram.com\\\/hogardecristo_chile\\\/\",\"https:\\\/\\\/www.youtube.com\\\/user\\\/Hogardecristo1\",\"https:\\\/\\\/www.tiktok.com\\\/@hogardecristocl\"]},{\"@type\":\"Person\",\"@id\":\"https:\\\/\\\/www.hogardecristo.cl\\\/match-solidario\\\/#\\\/schema\\\/person\\\/4c55dfb0453dcc13f45fe1b45d255ebc\",\"name\":\"Melany Reyes\",\"image\":{\"@type\":\"ImageObject\",\"inLanguage\":\"es\",\"@id\":\"https:\\\/\\\/secure.gravatar.com\\\/avatar\\\/7214173126b41d824e1d8859464866ae254caede9eff68022c090a9a4ac70903?s=96&d=mm&r=g\",\"url\":\"https:\\\/\\\/secure.gravatar.com\\\/avatar\\\/7214173126b41d824e1d8859464866ae254caede9eff68022c090a9a4ac70903?s=96&d=mm&r=g\",\"contentUrl\":\"https:\\\/\\\/secure.gravatar.com\\\/avatar\\\/7214173126b41d824e1d8859464866ae254caede9eff68022c090a9a4ac70903?s=96&d=mm&r=g\",\"caption\":\"Melany Reyes\"},\"url\":\"https:\\\/\\\/www.hogardecristo.cl\\\/match-solidario\\\/author\\\/mreyest\\\/\"}]}<\/script>\n<!-- \/ Yoast SEO plugin. -->","yoast_head_json":{"title":"\u00a1Un 18 en comunidad! - Match Solidario","description":"Apoya una celebraci\u00f3n de Fiestas Patrias para 21 participantes de la Hospeder\u00eda de Castro, fortaleciendo la comunidad y encuentro.","robots":{"index":"index","follow":"follow","max-snippet":"max-snippet:-1","max-image-preview":"max-image-preview:large","max-video-preview":"max-video-preview:-1"},"canonical":"https:\/\/www.hogardecristo.cl\/match-solidario\/haz-match\/un-18-en-comunidad\/","og_locale":"es_ES","og_type":"article","og_title":"\u00a1Un 18 en comunidad! - Match Solidario","og_description":"Apoya una celebraci\u00f3n de Fiestas Patrias para 21 participantes de la Hospeder\u00eda de Castro, fortaleciendo la comunidad y encuentro.","og_url":"https:\/\/www.hogardecristo.cl\/match-solidario\/haz-match\/un-18-en-comunidad\/","og_site_name":"Match Solidario","article_publisher":"https:\/\/www.facebook.com\/hdecristo","article_published_time":"2026-08-18T16:54:52+00:00","article_modified_time":"2026-08-25T14:38:47+00:00","og_image":[{"width":2560,"height":1707,"url":"https:\/\/www.hogardecristo.cl\/match-solidario\/wp-content\/uploads\/2026\/07\/AL7A8744-scaled.jpg","type":"image\/jpeg"}],"author":"Melany Reyes","twitter_card":"summary_large_image","twitter_creator":"@hdecristo","twitter_site":"@hdecristo","twitter_misc":{"Escrito por":"Melany Reyes","Tiempo de lectura":"1 minuto"},"schema":{"@context":"https:\/\/schema.org","@graph":[{"@type":"Article","@id":"https:\/\/www.hogardecristo.cl\/match-solidario\/haz-match\/un-18-en-comunidad\/#article","isPartOf":{"@id":"https:\/\/www.hogardecristo.cl\/match-solidario\/haz-match\/un-18-en-comunidad\/"},"author":{"name":"Melany Reyes","@id":"https:\/\/www.hogardecristo.cl\/match-solidario\/#\/schema\/person\/4c55dfb0453dcc13f45fe1b45d255ebc"},"headline":"\u00a1Un 18 en comunidad!","datePublished":"2026-08-18T16:54:52+00:00","dateModified":"2026-08-25T14:38:47+00:00","mainEntityOfPage":{"@id":"https:\/\/www.hogardecristo.cl\/match-solidario\/haz-match\/un-18-en-comunidad\/"},"wordCount":139,"commentCount":0,"publisher":{"@id":"https:\/\/www.hogardecristo.cl\/match-solidario\/#organization"},"image":{"@id":"https:\/\/www.hogardecristo.cl\/match-solidario\/haz-match\/un-18-en-comunidad\/#primaryimage"},"thumbnailUrl":"https:\/\/www.hogardecristo.cl\/match-solidario\/wp-content\/uploads\/2026\/07\/AL7A8744-scaled.jpg","articleSection":["Alimentaci\u00f3n","Haz Match"],"inLanguage":"es","potentialAction":[{"@type":"CommentAction","name":"Comment","target":["https:\/\/www.hogardecristo.cl\/match-solidario\/haz-match\/un-18-en-comunidad\/#respond"]}]},{"@type":"WebPage","@id":"https:\/\/www.hogardecristo.cl\/match-solidario\/haz-match\/un-18-en-comunidad\/","url":"https:\/\/www.hogardecristo.cl\/match-solidario\/haz-match\/un-18-en-comunidad\/","name":"\u00a1Un 18 en comunidad! - Match Solidario","isPartOf":{"@id":"https:\/\/www.hogardecristo.cl\/match-solidario\/#website"},"primaryImageOfPage":{"@id":"https:\/\/www.hogardecristo.cl\/match-solidario\/haz-match\/un-18-en-comunidad\/#primaryimage"},"image":{"@id":"https:\/\/www.hogardecristo.cl\/match-solidario\/haz-match\/un-18-en-comunidad\/#primaryimage"},"thumbnailUrl":"https:\/\/www.hogardecristo.cl\/match-solidario\/wp-content\/uploads\/2026\/07\/AL7A8744-scaled.jpg","datePublished":"2026-08-18T16:54:52+00:00","dateModified":"2026-08-25T14:38:47+00:00","description":"Apoya una celebraci\u00f3n de Fiestas Patrias para 21 participantes de la Hospeder\u00eda de Castro, fortaleciendo la comunidad y encuentro.","breadcrumb":{"@id":"https:\/\/www.hogardecristo.cl\/match-solidario\/haz-match\/un-18-en-comunidad\/#breadcrumb"},"inLanguage":"es","potentialAction":[{"@type":"ReadAction","target":["https:\/\/www.hogardecristo.cl\/match-solidario\/haz-match\/un-18-en-comunidad\/"]}]},{"@type":"ImageObject","inLanguage":"es","@id":"https:\/\/www.hogardecristo.cl\/match-solidario\/haz-match\/un-18-en-comunidad\/#primaryimage","url":"https:\/\/www.hogardecristo.cl\/match-solidario\/wp-content\/uploads\/2026\/07\/AL7A8744-scaled.jpg","contentUrl":"https:\/\/www.hogardecristo.cl\/match-solidario\/wp-content\/uploads\/2026\/07\/AL7A8744-scaled.jpg","width":2560,"height":1707,"caption":"Santiago, 04.09.25. El Programa Ambulatorio para Personas Mayores de Estaci\u00f3n Central celebr\u00f3 su fonda \u201cViejito Bueno, Viejitos Dicharacheros\u201d, reuniendo a sus participantes junto a programas vecinos del Hogar de Cristo. El evento estuvo lleno de m\u00fasica y alegr\u00eda con el grupo Killari, la Escuela de Adiestramiento Canino de Carabineros, y tributos a Luciano Pereyra, Los Ramblers y Am\u00e9rico. Uno de los momentos m\u00e1s aplaudidos fue la presentaci\u00f3n de Florencia, quien interpret\u00f3 un extracto del Lago de los Cisnes y un emotivo baile a la bandera. No faltaron las empanadas, la chicha y los jugos, adem\u00e1s de un almuerzo preparado con cari\u00f1o por los voluntarios, que cerr\u00f3 la jornada con sabor y comunidad. AGENCIA BLACKOUT"},{"@type":"BreadcrumbList","@id":"https:\/\/www.hogardecristo.cl\/match-solidario\/haz-match\/un-18-en-comunidad\/#breadcrumb","itemListElement":[{"@type":"ListItem","position":1,"name":"Portada","item":"https:\/\/www.hogardecristo.cl\/match-solidario\/"},{"@type":"ListItem","position":2,"name":"\u00a1Un 18 en comunidad!"}]},{"@type":"WebSite","@id":"https:\/\/www.hogardecristo.cl\/match-solidario\/#website","url":"https:\/\/www.hogardecristo.cl\/match-solidario\/","name":"Match Solidario - Hogar de Cristo","description":"","publisher":{"@id":"https:\/\/www.hogardecristo.cl\/match-solidario\/#organization"},"potentialAction":[{"@type":"SearchAction","target":{"@type":"EntryPoint","urlTemplate":"https:\/\/www.hogardecristo.cl\/match-solidario\/?s={search_term_string}"},"query-input":{"@type":"PropertyValueSpecification","valueRequired":true,"valueName":"search_term_string"}}],"inLanguage":"es"},{"@type":"Organization","@id":"https:\/\/www.hogardecristo.cl\/match-solidario\/#organization","name":"Match Solidario","url":"https:\/\/www.hogardecristo.cl\/match-solidario\/","logo":{"@type":"ImageObject","inLanguage":"es","@id":"https:\/\/www.hogardecristo.cl\/match-solidario\/#\/schema\/logo\/image\/","url":"https:\/\/dev-hogardecristo.dpsgo.com\/match-solidario\/wp-content\/uploads\/2025\/11\/logo-match-solidario.jpg","contentUrl":"https:\/\/dev-hogardecristo.dpsgo.com\/match-solidario\/wp-content\/uploads\/2025\/11\/logo-match-solidario.jpg","width":301,"height":104,"caption":"Match Solidario"},"image":{"@id":"https:\/\/www.hogardecristo.cl\/match-solidario\/#\/schema\/logo\/image\/"},"sameAs":["https:\/\/www.facebook.com\/hdecristo","https:\/\/x.com\/hdecristo","https:\/\/www.instagram.com\/hogardecristo_chile\/","https:\/\/www.youtube.com\/user\/Hogardecristo1","https:\/\/www.tiktok.com\/@hogardecristocl"]},{"@type":"Person","@id":"https:\/\/www.hogardecristo.cl\/match-solidario\/#\/schema\/person\/4c55dfb0453dcc13f45fe1b45d255ebc","name":"Melany Reyes","image":{"@type":"ImageObject","inLanguage":"es","@id":"https:\/\/secure.gravatar.com\/avatar\/7214173126b41d824e1d8859464866ae254caede9eff68022c090a9a4ac70903?s=96&d=mm&r=g","url":"https:\/\/secure.gravatar.com\/avatar\/7214173126b41d824e1d8859464866ae254caede9eff68022c090a9a4ac70903?s=96&d=mm&r=g","contentUrl":"https:\/\/secure.gravatar.com\/avatar\/7214173126b41d824e1d8859464866ae254caede9eff68022c090a9a4ac70903?s=96&d=mm&r=g","caption":"Melany Reyes"},"url":"https:\/\/www.hogardecristo.cl\/match-solidario\/author\/mreyest\/"}]}},"_links":{"self":[{"href":"https:\/\/www.hogardecristo.cl\/match-solidario\/wp-json\/wp\/v2\/posts\/3072","targetHints":{"allow":["GET"]}}],"collection":[{"href":"https:\/\/www.hogardecristo.cl\/match-solidario\/wp-json\/wp\/v2\/posts"}],"about":[{"href":"https:\/\/www.hogardecristo.cl\/match-solidario\/wp-json\/wp\/v2\/types\/post"}],"author":[{"embeddable":true,"href":"https:\/\/www.hogardecristo.cl\/match-solidario\/wp-json\/wp\/v2\/users\/3"}],"replies":[{"embeddable":true,"href":"https:\/\/www.hogardecristo.cl\/match-solidario\/wp-json\/wp\/v2\/comments?post=3072"}],"version-history":[{"count":2,"href":"https:\/\/www.hogardecristo.cl\/match-solidario\/wp-json\/wp\/v2\/posts\/3072\/revisions"}],"predecessor-version":[{"id":3222,"href":"https:\/\/www.hogardecristo.cl\/match-solidario\/wp-json\/wp\/v2\/posts\/3072\/revisions\/3222"}],"wp:featuredmedia":[{"embeddable":true,"href":"https:\/\/www.hogardecristo.cl\/match-solidario\/wp-json\/wp\/v2\/media\/2926"}],"wp:attachment":[{"href":"https:\/\/www.hogardecristo.cl\/match-solidario\/wp-json\/wp\/v2\/media?parent=3072"}],"wp:term":[{"taxonomy":"category","embeddable":true,"href":"https:\/\/www.hogardecristo.cl\/match-solidario\/wp-json\/wp\/v2\/categories?post=3072"},{"taxonomy":"post_tag","embeddable":true,"href":"https:\/\/www.hogardecristo.cl\/match-solidario\/wp-json\/wp\/v2\/tags?post=3072"}],"curies":[{"name":"wp","href":"https:\/\/api.w.org\/{rel}","templated":true}]}}