{"id":12186,"date":"2024-11-26T15:52:22","date_gmt":"2024-11-26T18:52:22","guid":{"rendered":"https:\/\/www.hogardecristo.cl\/sumate\/?p=12186"},"modified":"2024-11-29T15:11:06","modified_gmt":"2024-11-29T18:11:06","slug":"daniel-villanueva-en-2030-haran-falta-44-millones-de-profesores-en-el-mundo","status":"publish","type":"post","link":"https:\/\/www.hogardecristo.cl\/sumate\/daniel-villanueva-en-2030-haran-falta-44-millones-de-profesores-en-el-mundo\/","title":{"rendered":"Daniel Villanueva: \u201cLa madurez de un pa\u00eds se refleja en c\u00f3mo trata a sus docentes\u201d"},"content":{"rendered":"<p>El sacerdote jesuita y coordinador general de Fe y Alegr\u00eda, lleg\u00f3 a Chile en una visita de cuatro d\u00edas para comprender el impacto de este movimiento internacional en el pa\u00eds. En su recorrido, conoci\u00f3 el trabajo de Fundaci\u00f3n S\u00famate y reflexion\u00f3 sobre los desaf\u00edos y oportunidades para la educaci\u00f3n popular. La crisis del profesorado, la falta de inter\u00e9s familiar y la pobreza de aprendizaje son algunos de los desaf\u00edos mencionados.<\/p>\n<p><strong>Por Mar\u00eda Teresa Villafrade<\/strong><\/p>\n<p>El jesuita espa\u00f1ol Daniel Villanueva (49) combina una s\u00f3lida formaci\u00f3n acad\u00e9mica y profesional. Ingeniero en sistemas, licenciado en Teolog\u00eda Moral Social, m\u00e1ster en gesti\u00f3n multinacional, tambi\u00e9n cuenta con postgrados en Ayuda Humanitaria, Liderazgo e Innovaci\u00f3n en oeneg\u00e9s. Durante m\u00e1s de una d\u00e9cada, desempe\u00f1\u00f3 diversos roles en Entreculturas\u2013Fe y Alegr\u00eda Espa\u00f1a, incluyendo la direcci\u00f3n general entre 2015 y 2017. Desde 2018, lidera la Cooperaci\u00f3n Internacional de la Compa\u00f1\u00eda de Jes\u00fas en Espa\u00f1a y coordina la internacionalizaci\u00f3n de Fe y Alegr\u00eda.<\/p>\n<p>\u201cFe y Alegr\u00eda est\u00e1 presente en 22 pa\u00edses y Fundaci\u00f3n S\u00famate representa nuestra labor en Chile. Mi objetivo es escuchar y comprender las necesidades locales para fortalecer la colaboraci\u00f3n internacional\u201d, declar\u00f3 Villanueva.<\/p>\n<div id=\"attachment_12188\" style=\"width: 670px\" class=\"wp-caption aligncenter\"><img loading=\"lazy\" decoding=\"async\" aria-describedby=\"caption-attachment-12188\" class=\"wp-image-12188 size-full\" src=\"https:\/\/www.hogardecristo.cl\/sumate\/wp-content\/uploads\/2024\/11\/Paulina-Vivanco_Dani_Schneider.jpg\" alt=\"\" width=\"660\" height=\"440\" srcset=\"https:\/\/www.hogardecristo.cl\/sumate\/wp-content\/uploads\/2024\/11\/Paulina-Vivanco_Dani_Schneider.jpg 660w, https:\/\/www.hogardecristo.cl\/sumate\/wp-content\/uploads\/2024\/11\/Paulina-Vivanco_Dani_Schneider-480x320.jpg 480w\" sizes=\"(min-width: 0px) and (max-width: 480px) 480px, (min-width: 481px) 660px, 100vw\" \/><p id=\"caption-attachment-12188\" class=\"wp-caption-text\">La directora del colegio Betania, Paulina Vivanco, junto a Daniel Villanueva y la diputada Emilia Schneider, conversan con los alumnos. AGENCIA BLACKOUT<\/p><\/div>\n<p>En su primera jornada, visit\u00f3 el programa socioeducativo de S\u00famate en en La Granja y tambi\u00e9n, la poblaci\u00f3n El Castillo en La Pintana junto al capell\u00e1n de Hogar de Cristo, Jos\u00e9 Francisco Yuraszeck SJ. Al d\u00eda siguiente, recorri\u00f3 el Colegio Betania en La Granja. \u201cMe sorprende la similitud en las respuestas educativas de calidad en diferentes pa\u00edses. Lo que aprendo en Chile enriquecer\u00e1 nuestras estrategias globales\u201d.<\/p>\n<p>Adem\u00e1s, destac\u00f3 la sinton\u00eda entre S\u00famate y el Hogar de Cristo, en iniciativas como los 35 jardines infantiles que se enfocan en la educaci\u00f3n temprana. \u201cEste enfoque es clave para el impacto social que buscamos lograr\u201d, enfatiz\u00f3.<\/p>\n<h2 style=\"text-align: center;\"><strong>\u00a0POBREZA DE APRENDIZAJE<\/strong><\/h2>\n<p>Villanueva puso sobre la mesa un desaf\u00edo urgente y es lo que se conoce como \u201cpobreza de aprendizaje\u201d.<\/p>\n<p>\u201cSeg\u00fan las cifras de la Unesco, el 70% de los ni\u00f1os de 10 a\u00f1os en pa\u00edses de ingresos medios y bajos no comprende lo que lee. Este dato nos obliga a replantear el modelo educativo\u201d, explic\u00f3. La pandemia exacerb\u00f3 esta situaci\u00f3n, evidenciando la necesidad de garantizar calidad educativa y ya no simplemente el acceso a la educaci\u00f3n. \u201cPor eso se entiende que se produzca una desvinculaci\u00f3n del inter\u00e9s familiar cuando antes era inconcebible que una familia no defendiera la educaci\u00f3n de sus hijos\u201d, agrega.<\/p>\n<div id=\"attachment_12189\" style=\"width: 670px\" class=\"wp-caption aligncenter\"><img loading=\"lazy\" decoding=\"async\" aria-describedby=\"caption-attachment-12189\" class=\"size-full wp-image-12189\" src=\"https:\/\/www.hogardecristo.cl\/sumate\/wp-content\/uploads\/2024\/11\/Daniel-con-alumnos-660.jpg\" alt=\"\" width=\"660\" height=\"439\" srcset=\"https:\/\/www.hogardecristo.cl\/sumate\/wp-content\/uploads\/2024\/11\/Daniel-con-alumnos-660.jpg 660w, https:\/\/www.hogardecristo.cl\/sumate\/wp-content\/uploads\/2024\/11\/Daniel-con-alumnos-660-480x319.jpg 480w\" sizes=\"(min-width: 0px) and (max-width: 480px) 480px, (min-width: 481px) 660px, 100vw\" \/><p id=\"caption-attachment-12189\" class=\"wp-caption-text\">Es fundamental el compromiso de las familias en la educaci\u00f3n de sus hijos. AGENCIA BLACKOUT<\/p><\/div>\n<p>Otro tema crucial para Villanueva es la crisis del profesorado. \u201c<strong>La madurez de un pa\u00eds se refleja en c\u00f3mo trata a sus docentes. Sin profesores de calidad, no hay sistemas educativos sostenibles<\/strong>\u201d, se\u00f1al\u00f3. Con una proyecci\u00f3n de la Unesco de que har\u00e1n falta 44 millones de profesores para 2030, la brecha educativa podr\u00eda ampliarse si no se toman medidas urgentes. \u201cNo solo se ha producido una deserci\u00f3n masiva de profesores, sino que pronto ella se conjugar\u00e1 con una jubilaci\u00f3n en masa de ellos, lo que solo acrecentar\u00e1 el problema\u201d, sentenci\u00f3. \u2013<\/p>\n<p>\u2013<strong>\u00bfCu\u00e1l es la principal meta a corto plazo?<\/strong><\/p>\n<p>\u2013Nuestro sue\u00f1o, tanto de S\u00famate como de Fe y Alegr\u00eda, es influir en las pol\u00edticas p\u00fablicas. No es s\u00f3lo prestar servicio a la gente con la que trabajamos sino demostrar que la educaci\u00f3n es un bien p\u00fablico que tiene que estar garantizado por el Estado. Nosotros podemos ayudar al Estado a encontrar modalidades m\u00e1s justas y equitativas, m\u00e1s cercanas a la poblaci\u00f3n m\u00e1s necesitada, que sean m\u00e1s econ\u00f3micas y eficientes.<\/p>\n<h2 style=\"text-align: center;\"><strong>EDUCACI\u00d3N RADIAL<\/strong><\/h2>\n<p>Para \u00e9l, S\u00famate tiene un componente de educaci\u00f3n no formal que es muy parecido a lo que Fe y Alegr\u00eda realiza en otros pa\u00edses, como el de los programas socioeducativos.<\/p>\n<p>\u201cEl movimiento en general impacta a 850 mil personas. Principalmente somos un movimiento de educaci\u00f3n formal en su mayor\u00eda, pero a\u00fan as\u00ed tenemos 98 emisoras de institutos radiof\u00f3nicos. Es decir, mucho componente de educaci\u00f3n radial, de formaci\u00f3n para el trabajo, educaci\u00f3n alternativa, educaci\u00f3n de adultos. Lo que me est\u00e1 gustando de esta visita es que veo una sinton\u00eda muy grande con la l\u00ednea de Hogar de Cristo a trav\u00e9s de S\u00famate y de sus 35 jardines infantiles, que se dedican a la infancia temprana, otra de las grandes l\u00edneas de impacto que Fe y Alegr\u00eda desarrolla en muchas pa\u00edses\u201d.<\/p>\n<div id=\"attachment_12181\" style=\"width: 670px\" class=\"wp-caption aligncenter\"><img loading=\"lazy\" decoding=\"async\" aria-describedby=\"caption-attachment-12181\" class=\"wp-image-12181 size-full\" src=\"https:\/\/www.hogardecristo.cl\/sumate\/wp-content\/uploads\/2024\/11\/betania-todos-660.jpg\" alt=\"\" width=\"660\" height=\"440\" srcset=\"https:\/\/www.hogardecristo.cl\/sumate\/wp-content\/uploads\/2024\/11\/betania-todos-660.jpg 660w, https:\/\/www.hogardecristo.cl\/sumate\/wp-content\/uploads\/2024\/11\/betania-todos-660-480x320.jpg 480w\" sizes=\"(min-width: 0px) and (max-width: 480px) 480px, (min-width: 481px) 660px, 100vw\" \/><p id=\"caption-attachment-12181\" class=\"wp-caption-text\">Alumnos del colegio Betania quisieron tomarse una fotograf\u00eda con sus ilustres visitantes.<\/p><\/div>\n<p>La visita de Daniel Villanueva SJ no solo refuerza la conexi\u00f3n de Chile con el movimiento global de Fe y Alegr\u00eda, sino que tambi\u00e9n deja un mensaje claro: la educaci\u00f3n es el camino para construir una sociedad m\u00e1s equitativa y solidaria.<\/p>\n","protected":false},"excerpt":{"rendered":"<p>Hablamos con el coordinador general de Fe y Alegr\u00eda, Daniel Villanueva, del cual forma parte S\u00famate.<\/p>\n","protected":false},"author":6,"featured_media":12187,"comment_status":"open","ping_status":"open","sticky":false,"template":"","format":"standard","meta":{"_acf_changed":false,"_et_pb_use_builder":"","_et_pb_old_content":"","_et_gb_content_width":"","footnotes":""},"categories":[1],"tags":[],"class_list":["post-12186","post","type-post","status-publish","format-standard","has-post-thumbnail","hentry","category-noticias"],"acf":[],"_links":{"self":[{"href":"https:\/\/www.hogardecristo.cl\/sumate\/wp-json\/wp\/v2\/posts\/12186","targetHints":{"allow":["GET"]}}],"collection":[{"href":"https:\/\/www.hogardecristo.cl\/sumate\/wp-json\/wp\/v2\/posts"}],"about":[{"href":"https:\/\/www.hogardecristo.cl\/sumate\/wp-json\/wp\/v2\/types\/post"}],"author":[{"embeddable":true,"href":"https:\/\/www.hogardecristo.cl\/sumate\/wp-json\/wp\/v2\/users\/6"}],"replies":[{"embeddable":true,"href":"https:\/\/www.hogardecristo.cl\/sumate\/wp-json\/wp\/v2\/comments?post=12186"}],"version-history":[{"count":5,"href":"https:\/\/www.hogardecristo.cl\/sumate\/wp-json\/wp\/v2\/posts\/12186\/revisions"}],"predecessor-version":[{"id":12202,"href":"https:\/\/www.hogardecristo.cl\/sumate\/wp-json\/wp\/v2\/posts\/12186\/revisions\/12202"}],"wp:featuredmedia":[{"embeddable":true,"href":"https:\/\/www.hogardecristo.cl\/sumate\/wp-json\/wp\/v2\/media\/12187"}],"wp:attachment":[{"href":"https:\/\/www.hogardecristo.cl\/sumate\/wp-json\/wp\/v2\/media?parent=12186"}],"wp:term":[{"taxonomy":"category","embeddable":true,"href":"https:\/\/www.hogardecristo.cl\/sumate\/wp-json\/wp\/v2\/categories?post=12186"},{"taxonomy":"post_tag","embeddable":true,"href":"https:\/\/www.hogardecristo.cl\/sumate\/wp-json\/wp\/v2\/tags?post=12186"}],"curies":[{"name":"wp","href":"https:\/\/api.w.org\/{rel}","templated":true}]}}