{"id":12817,"date":"2026-03-16T15:53:55","date_gmt":"2026-03-16T18:53:55","guid":{"rendered":"https:\/\/www.hogardecristo.cl\/sumate\/?p=12817"},"modified":"2026-03-16T15:53:55","modified_gmt":"2026-03-16T18:53:55","slug":"columna-al-colegio-vamos-todos","status":"publish","type":"post","link":"https:\/\/www.hogardecristo.cl\/sumate\/columna-al-colegio-vamos-todos\/","title":{"rendered":"Columna: Al colegio, vamos todos"},"content":{"rendered":"<p><strong>Por Carolina Gana, directora de Fundaci\u00f3n S\u00famate<\/strong><\/p>\n<p>Marzo vuelve a recordarnos algo que damos por sentado: que los j\u00f3venes van al colegio. Pero en Chile es una verdad a medias. M\u00e1s de cien mil adolescentes y j\u00f3venes est\u00e1n hoy fuera del sistema educativo.<\/p>\n<p>No son cifras abstractas. Son historias concretas.<\/p>\n<p>El primer d\u00eda de clases, entre decenas de estudiantes que entran a su sala, Kiri se queda en la puerta. Llega con capucha, aud\u00edfonos y la mirada clavada en el suelo. Camina lento. No quiere entrar. No quiere hablar con nadie. No quiere volver a empezar.<\/p>\n<p><img loading=\"lazy\" decoding=\"async\" class=\"size-full wp-image-12487\" src=\"https:\/\/www.hogardecristo.cl\/sumate\/wp-content\/uploads\/2025\/11\/Carola-Gana-en-colegio-Padre-Hurtado-Renca2.jpg\" alt=\"\" width=\"660\" height=\"439\" srcset=\"https:\/\/www.hogardecristo.cl\/sumate\/wp-content\/uploads\/2025\/11\/Carola-Gana-en-colegio-Padre-Hurtado-Renca2.jpg 660w, https:\/\/www.hogardecristo.cl\/sumate\/wp-content\/uploads\/2025\/11\/Carola-Gana-en-colegio-Padre-Hurtado-Renca2-480x319.jpg 480w\" sizes=\"(min-width: 0px) and (max-width: 480px) 480px, (min-width: 481px) 660px, 100vw\" \/><\/p>\n<p>Un profesional del equipo se sienta a su lado. No le hace preguntas. Se miran. Despu\u00e9s de un rato, Kiri acepta caminar por el colegio. En ese gesto m\u00ednimo comienza algo importante: un v\u00ednculo. Minutos m\u00e1s tarde, casi en un susurro, dice lo que le pasa: \u201cTengo miedo\u201d.<\/p>\n<p>Y se abre una puerta.<\/p>\n<p>Historias como la de Kiri explican por qu\u00e9 la modalidad de reingreso educativo es tan importante. Miles de j\u00f3venes han interrumpido su trayectoria escolar por razones complejas: pobreza, problemas familiares, salud mental, experiencias de exclusi\u00f3n o sistemas educativos que no supieron acompa\u00f1arlos.<\/p>\n<p>Para ellos, volver a estudiar no es simplemente retomar clases. Es volver a creer que se puede.<\/p>\n<p><img loading=\"lazy\" decoding=\"async\" class=\"aligncenter size-full wp-image-12259\" src=\"https:\/\/www.hogardecristo.cl\/sumate\/wp-content\/uploads\/2025\/02\/banner-2-columna-montes.jpg\" alt=\"\" width=\"1000\" height=\"521\" srcset=\"https:\/\/www.hogardecristo.cl\/sumate\/wp-content\/uploads\/2025\/02\/banner-2-columna-montes.jpg 1000w, https:\/\/www.hogardecristo.cl\/sumate\/wp-content\/uploads\/2025\/02\/banner-2-columna-montes-980x511.jpg 980w, https:\/\/www.hogardecristo.cl\/sumate\/wp-content\/uploads\/2025\/02\/banner-2-columna-montes-480x250.jpg 480w\" sizes=\"(min-width: 0px) and (max-width: 480px) 480px, (min-width: 481px) and (max-width: 980px) 980px, (min-width: 981px) 1000px, 100vw\" \/><\/p>\n<p>Las escuelas de reingreso lo entienden. No s\u00f3lo contemplan contenidos acad\u00e9micos, buscan construir espacios donde los j\u00f3venes puedan re-construir confianza, recibir apoyo socioemocional y avanzar con modelos pedag\u00f3gicos flexibles que reconozcan trayectorias educativas interrumpidas.<\/p>\n<p>Cada joven que vuelve al colegio potencia sus herramientas para participar en democracia, acceder a mejores oportunidades laborales y construir un proyecto de vida digno. La evidencia es clara: la exclusi\u00f3n educativa perpet\u00faa la desigualdad, profundiza la precariedad y aumenta los riesgos de aislamiento social.<\/p>\n<p>La inclusi\u00f3n escolar, en cambio, fortalece el tejido social incorporando al sistema educativo a quienes hab\u00edan quedado afuera.<\/p>\n<p>Hoy existe una oportunidad concreta para avanzar en esa direcci\u00f3n. El proyecto de ley que crea la modalidad educativa de reingreso se encuentra en su \u00faltimo tr\u00e1mite legislativo en el Congreso. Esta iniciativa busca entregar un marco legal y financiamiento esencialmente estable a establecimientos que ya est\u00e1n demostrando que es posible reabrir caminos educativos para miles de j\u00f3venes.<\/p>\n<p>El pr\u00f3ximo Congreso tiene una responsabilidad clara: transformar este proyecto en ley.<\/p>\n<p>No basta con reconocer el problema. Se necesita voluntad pol\u00edtica y recursos permanentes. La educaci\u00f3n no puede seguir siendo un privilegio para quienes logran mantenerse dentro del sistema; debe ser un derecho garantizado tambi\u00e9n para quienes necesitan una nueva oportunidad.<\/p>\n<p>Porque cuando un joven vuelve a la escuela, no solo cambia su futuro. Tambi\u00e9n cambia el de la sociedad en su conjunto.<\/p>\n<p>Es hora de actuar. Es hora de aprobar la modalidad de reingreso y decir con convicci\u00f3n: Al colegio, vamos todos.<\/p>\n<p><img loading=\"lazy\" decoding=\"async\" class=\"aligncenter size-full wp-image-12479\" src=\"https:\/\/www.hogardecristo.cl\/sumate\/wp-content\/uploads\/2025\/11\/Screenshot_2.png\" alt=\"\" width=\"517\" height=\"517\" srcset=\"https:\/\/www.hogardecristo.cl\/sumate\/wp-content\/uploads\/2025\/11\/Screenshot_2.png 517w, https:\/\/www.hogardecristo.cl\/sumate\/wp-content\/uploads\/2025\/11\/Screenshot_2-480x480.png 480w\" sizes=\"(min-width: 0px) and (max-width: 480px) 480px, (min-width: 481px) 517px, 100vw\" \/><\/p>\n<p><a href=\"https:\/\/www.hogardecristo.cl\/sumate\/vuelve-a-estudiar\"><strong>SI HAS DEJADO DE ESTUDIAR, ESTA ES UNA GRAN OPORTUNIDAD PARA RETOMAR TUS ESTUDIOS Y APRENDER UN OFICIO<\/strong><\/a><\/p>\n","protected":false},"excerpt":{"rendered":"<p>Por Carolina Gana, directora de Fundaci\u00f3n S\u00famate Marzo vuelve a recordarnos algo que damos por sentado: que los j\u00f3venes van al colegio. Pero en Chile es una verdad a medias. M\u00e1s de cien mil adolescentes y j\u00f3venes est\u00e1n hoy fuera del sistema educativo. No son cifras abstractas. Son historias concretas. El primer d\u00eda de clases, [&hellip;]<\/p>\n","protected":false},"author":4,"featured_media":12484,"comment_status":"open","ping_status":"open","sticky":false,"template":"","format":"standard","meta":{"_acf_changed":false,"_et_pb_use_builder":"","_et_pb_old_content":"","_et_gb_content_width":"","footnotes":""},"categories":[1],"tags":[879,667,562,880],"class_list":["post-12817","post","type-post","status-publish","format-standard","has-post-thumbnail","hentry","category-noticias","tag-carolina-gana","tag-exclusion-educativa","tag-opinion","tag-vuelta-a-clases"],"acf":[],"_links":{"self":[{"href":"https:\/\/www.hogardecristo.cl\/sumate\/wp-json\/wp\/v2\/posts\/12817","targetHints":{"allow":["GET"]}}],"collection":[{"href":"https:\/\/www.hogardecristo.cl\/sumate\/wp-json\/wp\/v2\/posts"}],"about":[{"href":"https:\/\/www.hogardecristo.cl\/sumate\/wp-json\/wp\/v2\/types\/post"}],"author":[{"embeddable":true,"href":"https:\/\/www.hogardecristo.cl\/sumate\/wp-json\/wp\/v2\/users\/4"}],"replies":[{"embeddable":true,"href":"https:\/\/www.hogardecristo.cl\/sumate\/wp-json\/wp\/v2\/comments?post=12817"}],"version-history":[{"count":2,"href":"https:\/\/www.hogardecristo.cl\/sumate\/wp-json\/wp\/v2\/posts\/12817\/revisions"}],"predecessor-version":[{"id":12820,"href":"https:\/\/www.hogardecristo.cl\/sumate\/wp-json\/wp\/v2\/posts\/12817\/revisions\/12820"}],"wp:featuredmedia":[{"embeddable":true,"href":"https:\/\/www.hogardecristo.cl\/sumate\/wp-json\/wp\/v2\/media\/12484"}],"wp:attachment":[{"href":"https:\/\/www.hogardecristo.cl\/sumate\/wp-json\/wp\/v2\/media?parent=12817"}],"wp:term":[{"taxonomy":"category","embeddable":true,"href":"https:\/\/www.hogardecristo.cl\/sumate\/wp-json\/wp\/v2\/categories?post=12817"},{"taxonomy":"post_tag","embeddable":true,"href":"https:\/\/www.hogardecristo.cl\/sumate\/wp-json\/wp\/v2\/tags?post=12817"}],"curies":[{"name":"wp","href":"https:\/\/api.w.org\/{rel}","templated":true}]}}